{"id":109318,"date":"2021-01-14T15:43:09","date_gmt":"2021-01-14T20:43:09","guid":{"rendered":"https:\/\/linitiative.ca\/International\/promotion-de-la-cohesion-sociale-une-foire-pour-consolider-la-collaboration-entre-civils-et-fds\/"},"modified":"2021-01-14T15:43:09","modified_gmt":"2021-01-14T20:43:09","slug":"promotion-de-la-cohesion-sociale-une-foire-pour-consolider-la-collaboration-entre-civils-et-fds","status":"publish","type":"post","link":"https:\/\/linitiative.ca\/International\/promotion-de-la-cohesion-sociale-une-foire-pour-consolider-la-collaboration-entre-civils-et-fds\/","title":{"rendered":"Promotion de la coh\u00e9sion sociale : une foire pour consolider la collaboration entre  civils et FDS"},"content":{"rendered":"<div class=\"td-post-featured-image\"><a href=\"https:\/\/www.sidwaya.info\/wp-content\/uploads\/2021\/01\/1-16.jpg\" data-caption=\"\"><img loading=\"lazy\" decoding=\"async\" width=\"595\" height=\"368\" class=\"entry-thumb td-modal-image\" src=\"https:\/\/www.sidwaya.info\/wp-content\/uploads\/2021\/01\/1-16.jpg\" srcset=\"https:\/\/www.sidwaya.info\/wp-content\/uploads\/2021\/01\/1-16.jpg 595w, https:\/\/www.sidwaya.info\/wp-content\/uploads\/2021\/01\/1-16-300x186.jpg 300w, https:\/\/www.sidwaya.info\/wp-content\/uploads\/2021\/01\/1-16-150x93.jpg 150w, https:\/\/www.sidwaya.info\/wp-content\/uploads\/2021\/01\/1-16-356x220.jpg 356w\" sizes=\"auto, (max-width: 595px) 100vw, 595px\" alt=\"\" title=\"1\"\/><\/a><\/div>\n<p><strong>L\u2019Association Burkinlem et Erwan &amp; Arjun vision ont anim\u00e9, le jeudi 14 janvier 2021 \u00e0 Ouagadougou, une conf\u00e9rence de presse, pour annoncer l\u2019organisation de la 1\u00e8re \u00e9dition de la \u00ab\u00a0Foire FDS\u00a0\u00bb, du 22 au 24 janvier 2021, en vue de promouvoir la coh\u00e9sion sociale et la collaboration entre Forces de d\u00e9fense et de s\u00e9curit\u00e9 et les populations.<\/strong><\/p>\n<p>Du 22 au 24 janvier 2021, la Maison du peuple de Ouagadougou vivra au rythme d\u2019une \u00ab Foire FDS \u00bb. Initi\u00e9e par l\u2019Association Burkinlem et Erwan &amp; Arjun vision, cette foire qui est \u00e0 sa premi\u00e8re \u00e9dition, consistera en l\u2019organisation d\u2019activit\u00e9s artistiques et culturelles d\u00e9di\u00e9es aux militaires et paramilitaires. L\u2019information a \u00e9t\u00e9 donn\u00e9e \u00e0 la presse, le jeudi 14 janvier 2021 \u00e0 Ouagadougou.<\/p>\n<p>\u00ab La foire a \u00e9t\u00e9 initi\u00e9e par un groupe de jeunes militaires, paramilitaires et civils avec pour objectif, de pr\u00f4ner la coh\u00e9sion sociale entre les fils et filles du pays, de consolider les relations entre civils et militaires et de promouvoir les talents des Forces de d\u00e9fense et de s\u00e9curit\u00e9 \u00bb, a fait savoir le commissaire g\u00e9n\u00e9ral de la foire, l\u2019Assistant de la Garde de s\u00e9curit\u00e9 p\u00e9nitentiaire, Yacouba Nana. A l\u2019occasion, plusieurs activit\u00e9s sont pr\u00e9vues. Il s\u2019agit d\u2019un cross populaire pour rendre hommage aux FDS tomb\u00e9s sur le champ de bataille, une rue marchande, un plateau artistique, une exposition d\u2019objets artistiques sur les FDS et la foire. \u00ab Toutes ces activit\u00e9s auront lieu \u00e0 la Maison du peuple. A partir du 19 janvier, des artistes plasticiens vont rentrer en r\u00e9sidence de cr\u00e9ation et le fruit de leur travail sera expos\u00e9 lors de la foire. Les stands ont \u00e9t\u00e9 gratuitement mis \u00e0 la disposition des diff\u00e9rents corps des FDS et de tous ceux qui ont des objets \u00e0 exposer pour rendre hommage aux FDS \u00bb, a-t-il soutenu.<\/p>\n<p>D\u00e9j\u00e0, apr\u00e8s la conf\u00e9rence de presse, une conf\u00e9rence publique a \u00e9t\u00e9 organis\u00e9e sur le th\u00e8me : \u00ab La culture, moyen de lutte contre toutes formes d\u2019extr\u00e9misme violent et le terrorisme \u00bb. Interrog\u00e9 sur les mesures sanitaires \u00e0 prendre dans ce contexte de COVID-19, le commissaire g\u00e9n\u00e9ral de la foire s\u2019est voulu rassurant. En effet, a-t-il dit, une structure associative sera charg\u00e9e de distribuer du gel et de cache-nez, mais aussi de la prise de temp\u00e9rature.<\/p>\n<p class=\"c1\"><strong>Jean-Marie TOE<\/strong><br \/><strong>Lati Fatou TARBANGDO<\/strong><br \/><strong>(Stagiaire)<\/strong><\/p>\n<div class=\"td-a-rec td-a-rec-id-content_bottom tdi_33_080 td_block_template_1\"><img loading=\"lazy\" decoding=\"async\" class=\"aligncenter size-full wp-image-27454\" src=\"https:\/\/www.sidwaya.info\/wp-content\/uploads\/2020\/10\/PUB-Bandeau-paiement-mobile-siteweb.jpg\" alt=\"\" width=\"728\" height=\"90\"\/><\/div>\n<p>Auteur: BM. Sidwaya<br \/>\n<a href=\"https:\/\/www.sidwaya.info\/blog\/2021\/01\/14\/promotion-de-la-cohesion-sociale-une-foire-pour-consolider-la-collaboration-entre-civils-et-fds\/\">Cliquez ici pour lire l&rsquo;article depuis sa source.<\/a><\/p>\n","protected":false},"excerpt":{"rendered":"<p>L\u2019Association Burkinlem et Erwan &amp; Arjun vision ont anim\u00e9, le jeudi 14 janvier 2021 \u00e0 Ouagadougou, une conf\u00e9rence de presse, pour annoncer l\u2019organisation de la 1\u00e8re \u00e9dition de la \u00ab\u00a0Foire FDS\u00a0\u00bb, du 22 au 24 janvier 2021, en vue de promouvoir la coh\u00e9sion sociale et la collaboration entre Forces de d\u00e9fense et de s\u00e9curit\u00e9 et [&hellip;]<\/p>\n","protected":false},"author":1816,"featured_media":0,"comment_status":"closed","ping_status":"closed","sticky":false,"template":"","format":"standard","meta":{"fifu_image_url":"https:\/\/www.sidwaya.info\/wp-content\/uploads\/2021\/01\/1-16.jpg","fifu_image_alt":"Promotion de la coh\u00e9sion sociale : une foire pour consolider la collaboration entre  civils et FDS","footnotes":""},"categories":[73,81],"tags":[],"class_list":["post-109318","post","type-post","status-publish","format-standard","hentry","category-actualite","category-burkina-faso"],"_links":{"self":[{"href":"https:\/\/linitiative.ca\/International\/wp-json\/wp\/v2\/posts\/109318","targetHints":{"allow":["GET"]}}],"collection":[{"href":"https:\/\/linitiative.ca\/International\/wp-json\/wp\/v2\/posts"}],"about":[{"href":"https:\/\/linitiative.ca\/International\/wp-json\/wp\/v2\/types\/post"}],"author":[{"embeddable":true,"href":"https:\/\/linitiative.ca\/International\/wp-json\/wp\/v2\/users\/1816"}],"replies":[{"embeddable":true,"href":"https:\/\/linitiative.ca\/International\/wp-json\/wp\/v2\/comments?post=109318"}],"version-history":[{"count":0,"href":"https:\/\/linitiative.ca\/International\/wp-json\/wp\/v2\/posts\/109318\/revisions"}],"wp:attachment":[{"href":"https:\/\/linitiative.ca\/International\/wp-json\/wp\/v2\/media?parent=109318"}],"wp:term":[{"taxonomy":"category","embeddable":true,"href":"https:\/\/linitiative.ca\/International\/wp-json\/wp\/v2\/categories?post=109318"},{"taxonomy":"post_tag","embeddable":true,"href":"https:\/\/linitiative.ca\/International\/wp-json\/wp\/v2\/tags?post=109318"}],"curies":[{"name":"wp","href":"https:\/\/api.w.org\/{rel}","templated":true}]}}