{"id":109322,"date":"2021-01-14T12:18:04","date_gmt":"2021-01-14T17:18:04","guid":{"rendered":"https:\/\/linitiative.ca\/International\/covid-19-lua-obtient-270-millions-de-doses-de-vaccin\/"},"modified":"2021-01-14T12:18:04","modified_gmt":"2021-01-14T17:18:04","slug":"covid-19-lua-obtient-270-millions-de-doses-de-vaccin","status":"publish","type":"post","link":"https:\/\/linitiative.ca\/International\/covid-19-lua-obtient-270-millions-de-doses-de-vaccin\/","title":{"rendered":"Covid-19 : L\u2019UA obtient 270 millions de doses de vaccin"},"content":{"rendered":"<div readability=\"32\">\n<p>Publi\u00e9 le 14.01.2021 \u00e0 18h18 par APA News<\/p>\n<\/div>\n<div readability=\"56\">\n<p>L\u2019Union africaine (UA) a acquis 270 millions de vaccin contre la Covid-19.L\u2019\u00e9quipe sp\u00e9ciale de l\u2019UA qui a fait l\u2019acquisition, confirme le pr\u00e9sident en exercice de l\u2019organisation continentale, Cyril Ramaphosa.<\/p>\n<p>Il a rappel\u00e9 que cette structure de l\u2019UA, d\u00e9nomm\u00e9e \u00ab AVATT \u00bb, a \u00e9t\u00e9 cr\u00e9\u00e9e en ao\u00fbt dernier \u00a0pour acqu\u00e9rir les vaccins dans le cadre de la lutte contre la pand\u00e9mie dont le premier patient a \u00e9t\u00e9 identifi\u00e9 en \u00c9gypte en f\u00e9vrier 2020.<\/p>\n<p>Selon le pr\u00e9sident sud-africain, au moins 50 millions des 270 millions de doses seront disponibles entre avril et juin 2021.<\/p>\n<p>\u00ab Il y a un long chemin \u00e0 parcourir. Mais, nous constatons maintenant des progr\u00e8s dans notre effort commun pour vaincre cette maladie \u00bb, a-t-il d\u00e9clar\u00e9, ajoutant : \u00ab Je tiens \u00e0 f\u00e9liciter les membres de l\u2019\u00e9quipe sp\u00e9ciale de l\u2019Union africaine pour l\u2019acquisition de vaccins en Afrique, Afreximbank, les Centres africains de contr\u00f4le et de pr\u00e9vention des maladies et tous ceux qui ont travaill\u00e9 sans rel\u00e2che pour obtenir ces vaccins pour les populations africaines \u00bb.<\/p>\n<\/div>\n<p>Auteur: APA News<br \/>\n<a href=\"https:\/\/www.journalducameroun.com\/covid-19-lua-obtient-270-millions-de-doses-de-vaccin\/\">Cliquez ici pour lire l&rsquo;article depuis sa source.<\/a><\/p>\n","protected":false},"excerpt":{"rendered":"<p>Publi\u00e9 le 14.01.2021 \u00e0 18h18 par APA News L\u2019Union africaine (UA) a acquis 270 millions de vaccin contre la Covid-19.L\u2019\u00e9quipe sp\u00e9ciale de l\u2019UA qui a fait l\u2019acquisition, confirme le pr\u00e9sident en exercice de l\u2019organisation continentale, Cyril Ramaphosa. Il a rappel\u00e9 que cette structure de l\u2019UA, d\u00e9nomm\u00e9e \u00ab AVATT \u00bb, a \u00e9t\u00e9 cr\u00e9\u00e9e en ao\u00fbt dernier [&hellip;]<\/p>\n","protected":false},"author":1965,"featured_media":0,"comment_status":"closed","ping_status":"closed","sticky":false,"template":"","format":"standard","meta":{"fifu_image_url":"","fifu_image_alt":"","footnotes":""},"categories":[73,82],"tags":[],"class_list":["post-109322","post","type-post","status-publish","format-standard","hentry","category-actualite","category-cameroun"],"_links":{"self":[{"href":"https:\/\/linitiative.ca\/International\/wp-json\/wp\/v2\/posts\/109322","targetHints":{"allow":["GET"]}}],"collection":[{"href":"https:\/\/linitiative.ca\/International\/wp-json\/wp\/v2\/posts"}],"about":[{"href":"https:\/\/linitiative.ca\/International\/wp-json\/wp\/v2\/types\/post"}],"author":[{"embeddable":true,"href":"https:\/\/linitiative.ca\/International\/wp-json\/wp\/v2\/users\/1965"}],"replies":[{"embeddable":true,"href":"https:\/\/linitiative.ca\/International\/wp-json\/wp\/v2\/comments?post=109322"}],"version-history":[{"count":0,"href":"https:\/\/linitiative.ca\/International\/wp-json\/wp\/v2\/posts\/109322\/revisions"}],"wp:attachment":[{"href":"https:\/\/linitiative.ca\/International\/wp-json\/wp\/v2\/media?parent=109322"}],"wp:term":[{"taxonomy":"category","embeddable":true,"href":"https:\/\/linitiative.ca\/International\/wp-json\/wp\/v2\/categories?post=109322"},{"taxonomy":"post_tag","embeddable":true,"href":"https:\/\/linitiative.ca\/International\/wp-json\/wp\/v2\/tags?post=109322"}],"curies":[{"name":"wp","href":"https:\/\/api.w.org\/{rel}","templated":true}]}}