{"id":109323,"date":"2021-01-14T13:18:02","date_gmt":"2021-01-14T18:18:02","guid":{"rendered":"https:\/\/linitiative.ca\/International\/impots-ivoiriens-23465-milliards-fcfa-collectes-en-2020-soit-un-taux-de-102\/"},"modified":"2021-01-14T13:18:02","modified_gmt":"2021-01-14T18:18:02","slug":"impots-ivoiriens-23465-milliards-fcfa-collectes-en-2020-soit-un-taux-de-102","status":"publish","type":"post","link":"https:\/\/linitiative.ca\/International\/impots-ivoiriens-23465-milliards-fcfa-collectes-en-2020-soit-un-taux-de-102\/","title":{"rendered":"Imp\u00f4ts ivoiriens: 2346,5 milliards Fcfa collect\u00e9s en 2020, soit un taux de 102%"},"content":{"rendered":"<div readability=\"32\">\n<p>Publi\u00e9 le 14.01.2021 \u00e0 19h18 par APA News<\/p>\n<\/div>\n<div readability=\"88\">\n<p>Les services des imp\u00f4ts en C\u00f4te d\u2019Ivoire ont collect\u00e9 au cours de l\u2019ann\u00e9e 2020 un montant de 2346,5 milliards de Fcfa sur un objectif de 2295,9 milliards Fcfa, soit un taux de r\u00e9alisation de 102%.<\/p>\n<p>Ce r\u00e9sultat, obtenu en d\u00e9pit de la crise sanitaire de la pand\u00e9mie de Covid-19, a \u00e9t\u00e9 d\u00e9voil\u00e9 par le directeur g\u00e9n\u00e9ral des imp\u00f4ts, Si\u00e9 Abou Ouattara, lors d\u2019une pr\u00e9sentation jeudi, aux journalistes, de l\u2019annexe fiscale portant budget de l\u2019ann\u00e9e 2021.<\/p>\n<p>En valeur absolue, il ressort \u00ab\u00a0un exc\u00e9dent de 50,6 milliards Fcfa, a-t-il relev\u00e9, avant d\u2019ajouter que la crise sanitaire de Covid-19 a caus\u00e9 une perte de 525 milliards Fcfa au niveau des services des imp\u00f4ts et de la douane.<\/p>\n<p>M. Ouattara a toutefois soulign\u00e9 que \u00ab\u00a0ces chiffres sont provisoires parce qu\u2019il y a un certain nombre d\u2019informations qui doivent se faire, (notamment) des op\u00e9rations en \u00e9criture au niveau du tr\u00e9sor et qui devraient venir bonifier ces donn\u00e9es\u00a0\u00bb.<\/p>\n<p>Cette performance \u00ab\u00a0aurait pu \u00eatre meilleure si on n\u2019avait pas connu une situation difficile avec la pand\u00e9mie de Covid-19\u00a0\u00bb, mentionnant que l\u2019agr\u00e9gation de ce facteur n\u2019a pas permis \u00e0 l\u2019administration fiscale d\u2019exercer pleinement ses pr\u00e9rogatives.<\/p>\n<p>Des services, dira-t-il, n\u2019ont pratiquement pas travaill\u00e9 dans des secteurs qui \u00e9taient les leurs, compte tenu de la pand\u00e9mie. En outre, le gouvernement avait pris des mesures d\u2019exon\u00e9ration et de suppression de certaines taxes.<\/p>\n<p>Sur un exercice de 12 mois, \u00ab\u00a0tous les services des imp\u00f4ts ont travaill\u00e9 peut-\u00eatre quatre \u00e0 cinq mois\u00a0\u00bb, a-t-il poursuivi. Pour soutenir le budget-programme, les autorit\u00e9s ont r\u00e9introduit l\u2019Imp\u00f4t minimum forfaitaire (IMF), suspendu l\u2019ann\u00e9e pr\u00e9c\u00e9dente dans le cadre d\u2019une r\u00e9forme fiscale. \u00a0<\/p>\n<p>Les pr\u00e9visions pour l\u2019exercice 2021 en termes de mobilisation des imp\u00f4ts ont \u00e9t\u00e9 arr\u00eat\u00e9es par l\u2019Etat. La direction g\u00e9n\u00e9rale des imp\u00f4ts devra mobiliser 2738,9 milliards de Fcfa pour le compte du budget-programme estim\u00e9 \u00e0 \u00a08 621,1 milliards de Fcfa.<\/p>\n<\/div>\n<p>Auteur: APA News<br \/>\n<a href=\"https:\/\/www.journalducameroun.com\/impots-ivoiriens-23465-milliards-fcfa-collectes-en-2020-soit-un-taux-de-102\/\">Cliquez ici pour lire l&rsquo;article depuis sa source.<\/a><\/p>\n","protected":false},"excerpt":{"rendered":"<p>Publi\u00e9 le 14.01.2021 \u00e0 19h18 par APA News Les services des imp\u00f4ts en C\u00f4te d\u2019Ivoire ont collect\u00e9 au cours de l\u2019ann\u00e9e 2020 un montant de 2346,5 milliards de Fcfa sur un objectif de 2295,9 milliards Fcfa, soit un taux de r\u00e9alisation de 102%. Ce r\u00e9sultat, obtenu en d\u00e9pit de la crise sanitaire de la pand\u00e9mie [&hellip;]<\/p>\n","protected":false},"author":1965,"featured_media":0,"comment_status":"closed","ping_status":"closed","sticky":false,"template":"","format":"standard","meta":{"fifu_image_url":"","fifu_image_alt":"","footnotes":""},"categories":[73,82],"tags":[],"class_list":["post-109323","post","type-post","status-publish","format-standard","hentry","category-actualite","category-cameroun"],"_links":{"self":[{"href":"https:\/\/linitiative.ca\/International\/wp-json\/wp\/v2\/posts\/109323","targetHints":{"allow":["GET"]}}],"collection":[{"href":"https:\/\/linitiative.ca\/International\/wp-json\/wp\/v2\/posts"}],"about":[{"href":"https:\/\/linitiative.ca\/International\/wp-json\/wp\/v2\/types\/post"}],"author":[{"embeddable":true,"href":"https:\/\/linitiative.ca\/International\/wp-json\/wp\/v2\/users\/1965"}],"replies":[{"embeddable":true,"href":"https:\/\/linitiative.ca\/International\/wp-json\/wp\/v2\/comments?post=109323"}],"version-history":[{"count":0,"href":"https:\/\/linitiative.ca\/International\/wp-json\/wp\/v2\/posts\/109323\/revisions"}],"wp:attachment":[{"href":"https:\/\/linitiative.ca\/International\/wp-json\/wp\/v2\/media?parent=109323"}],"wp:term":[{"taxonomy":"category","embeddable":true,"href":"https:\/\/linitiative.ca\/International\/wp-json\/wp\/v2\/categories?post=109323"},{"taxonomy":"post_tag","embeddable":true,"href":"https:\/\/linitiative.ca\/International\/wp-json\/wp\/v2\/tags?post=109323"}],"curies":[{"name":"wp","href":"https:\/\/api.w.org\/{rel}","templated":true}]}}