{"id":109324,"date":"2021-01-14T13:18:05","date_gmt":"2021-01-14T18:18:05","guid":{"rendered":"https:\/\/linitiative.ca\/International\/signature-dun-accord-pour-fournir-des-engrais-specialises-aux-riziculteurs-ivoiriens\/"},"modified":"2021-01-14T13:18:05","modified_gmt":"2021-01-14T18:18:05","slug":"signature-dun-accord-pour-fournir-des-engrais-specialises-aux-riziculteurs-ivoiriens","status":"publish","type":"post","link":"https:\/\/linitiative.ca\/International\/signature-dun-accord-pour-fournir-des-engrais-specialises-aux-riziculteurs-ivoiriens\/","title":{"rendered":"Signature d\u2019un accord pour fournir des engrais sp\u00e9cialis\u00e9s aux riziculteurs ivoiriens"},"content":{"rendered":"<div readability=\"32\">\n<p>Publi\u00e9 le 14.01.2021 \u00e0 19h18 par APA News<\/p>\n<\/div>\n<div readability=\"85\">\n<p>Le minist\u00e8re ivoirien de la promotion de la riziculture a sign\u00e9 jeudi \u00e0 Abidjan lors d\u2019une c\u00e9r\u00e9monie, une convention tripartite avec Yara C\u00f4te d\u2019Ivoire et Bayer West central Africa, deux g\u00e9ants internationaux exer\u00e7ant dans le domaine de l\u2019agriculture, pour approvisionner les riziculteurs ivoiriens en engrais sp\u00e9cialis\u00e9s et en produits phytosanitaires.<\/p>\n<p>\u00abCette signature de partenariat est tr\u00e8s importante pour la C\u00f4te d\u2019Ivoire. Ce partenariat va permettre de r\u00e9soudre le probl\u00e8me d\u2019approvisionnement des riziculteurs en engrais et en produits phytosanitaires \u00bb, a soulign\u00e9 Gaoussou Tour\u00e9, le ministre ivoirien de la promotion de la riziculture dans un discours prononc\u00e9 \u00e0 cette occasion.<\/p>\n<p>Poursuivant, il a indiqu\u00e9 que l\u2019autosuffisance alimentaire est un \u00a0\u00ab enjeu fort \u00bb pour la C\u00f4te d\u2019Ivoire qui ambitionne d\u2019\u00eatre l\u2019un des plus grands exportateurs africains de riz \u00e0 l\u2019horizon 2030.<\/p>\n<p>\u00a0\u00ab Ces deux entreprises ma\u00eetrisent parfaitement tout ce qu\u2019il faut pour le d\u00e9veloppement de l\u2019agriculture \u00bb, a-t-il estim\u00e9 r\u00e9affirmant l\u2019un des objectifs de son d\u00e9partement minist\u00e9riel qui est de passer d\u2019une riziculture traditionnelle \u00e0 une riziculture moderne en C\u00f4te d\u2019Ivoire.<\/p>\n<p>Avant lui, Kanigui Y\u00e9o, le directeur g\u00e9n\u00e9ral de Yara C\u00f4te d\u2019Ivoire, a assur\u00e9 de la volont\u00e9 de son entreprise \u00e0 contribuer au d\u00e9veloppement \u00e9conomique de la C\u00f4te d\u2019Ivoire. \u00a0\u00abNous venons avec des engrais sp\u00e9cialis\u00e9s et des semences pour les riziculteurs ivoiriens. Nous venons \u00e9galement pour les former\u00bb, a dit M. Y\u00e9o.<\/p>\n<p>Il a ajout\u00e9 que cette signature de partenariat n\u2019est que le d\u00e9but d\u2019une collaboration afin d\u2019\u0153uvrer \u00e0 ce que la C\u00f4te d\u2019Ivoire devienne autosuffisante en riz d\u2019ici quelques ann\u00e9es.<\/p>\n<p>De son c\u00f4t\u00e9, Olivier Gierlichs, L\u2019administrateur g\u00e9n\u00e9ral de Bayer West central Africa a affirm\u00e9 \u00a0que \u00a0\u00ab nous souhaitons fournir des produits de protection des plantes et \u00e9galement former les riziculteurs aux bonnes pratiques agricoles \u00bb.\u00a0<\/p>\n<p>\u00ab Notre objectif est d\u2019investir sur le long terme en C\u00f4te d\u2019Ivoire. Nous sommes convaincus du potentiel de la C\u00f4te d\u2019Ivoire car tout est l\u00e0 pour r\u00e9ussir \u00a0\u00bb, a soutenu M. Gierlichs.<\/p>\n<p>La C\u00f4te d\u2019Ivoire qui ambitionne d\u2019\u00eatre autosuffisant en riz de bonne qualit\u00e9 avant 2025, a mis en place une strat\u00e9gie nationale de d\u00e9veloppement de la riziculture (SNDR) sur la p\u00e9riode 2020-2030. Le pays importe pr\u00e8s de 1,5 million de tonnes de riz par an d\u2019un co\u00fbt d\u2019environ 350 milliards FCFA.<\/p>\n<\/div>\n<p>Auteur: APA News<br \/>\n<a href=\"https:\/\/www.journalducameroun.com\/signature-dun-accord-pour-fournir-des-engrais-specialises-aux-riziculteurs-ivoiriens\/\">Cliquez ici pour lire l&rsquo;article depuis sa source.<\/a><\/p>\n","protected":false},"excerpt":{"rendered":"<p>Publi\u00e9 le 14.01.2021 \u00e0 19h18 par APA News Le minist\u00e8re ivoirien de la promotion de la riziculture a sign\u00e9 jeudi \u00e0 Abidjan lors d\u2019une c\u00e9r\u00e9monie, une convention tripartite avec Yara C\u00f4te d\u2019Ivoire et Bayer West central Africa, deux g\u00e9ants internationaux exer\u00e7ant dans le domaine de l\u2019agriculture, pour approvisionner les riziculteurs ivoiriens en engrais sp\u00e9cialis\u00e9s et [&hellip;]<\/p>\n","protected":false},"author":1965,"featured_media":0,"comment_status":"closed","ping_status":"closed","sticky":false,"template":"","format":"standard","meta":{"fifu_image_url":"","fifu_image_alt":"","footnotes":""},"categories":[73,82],"tags":[],"class_list":["post-109324","post","type-post","status-publish","format-standard","hentry","category-actualite","category-cameroun"],"_links":{"self":[{"href":"https:\/\/linitiative.ca\/International\/wp-json\/wp\/v2\/posts\/109324","targetHints":{"allow":["GET"]}}],"collection":[{"href":"https:\/\/linitiative.ca\/International\/wp-json\/wp\/v2\/posts"}],"about":[{"href":"https:\/\/linitiative.ca\/International\/wp-json\/wp\/v2\/types\/post"}],"author":[{"embeddable":true,"href":"https:\/\/linitiative.ca\/International\/wp-json\/wp\/v2\/users\/1965"}],"replies":[{"embeddable":true,"href":"https:\/\/linitiative.ca\/International\/wp-json\/wp\/v2\/comments?post=109324"}],"version-history":[{"count":0,"href":"https:\/\/linitiative.ca\/International\/wp-json\/wp\/v2\/posts\/109324\/revisions"}],"wp:attachment":[{"href":"https:\/\/linitiative.ca\/International\/wp-json\/wp\/v2\/media?parent=109324"}],"wp:term":[{"taxonomy":"category","embeddable":true,"href":"https:\/\/linitiative.ca\/International\/wp-json\/wp\/v2\/categories?post=109324"},{"taxonomy":"post_tag","embeddable":true,"href":"https:\/\/linitiative.ca\/International\/wp-json\/wp\/v2\/tags?post=109324"}],"curies":[{"name":"wp","href":"https:\/\/api.w.org\/{rel}","templated":true}]}}