{"id":109325,"date":"2021-01-14T15:18:02","date_gmt":"2021-01-14T20:18:02","guid":{"rendered":"https:\/\/linitiative.ca\/International\/une-mission-de-la-fifa-installe-le-comite-de-normalisation-de-la-fif-a-abidjan\/"},"modified":"2021-01-14T15:18:02","modified_gmt":"2021-01-14T20:18:02","slug":"une-mission-de-la-fifa-installe-le-comite-de-normalisation-de-la-fif-a-abidjan","status":"publish","type":"post","link":"https:\/\/linitiative.ca\/International\/une-mission-de-la-fifa-installe-le-comite-de-normalisation-de-la-fif-a-abidjan\/","title":{"rendered":"Une mission de la FIFA installe le Comit\u00e9 de normalisation de la FIF \u00e0 Abidjan"},"content":{"rendered":"<div readability=\"32\">\n<p>Publi\u00e9 le 14.01.2021 \u00e0 21h18 par APA News<\/p>\n<\/div>\n<div readability=\"122\">\n<p>Une mission de la FIFA a proc\u00e9d\u00e9 jeudi, \u00e0 Abidjan, \u00e0 l\u2019installation du Comit\u00e9 de normalisation de la F\u00e9d\u00e9ration ivoirienne de football (FIF), sens\u00e9e assainir les textes statutaires et organiser l\u2019\u00e9lection du pr\u00e9sident de l\u2019organisation, selon une note du minist\u00e8re des Sports.<\/p>\n<p>Cette mission de la F\u00e9d\u00e9ration Internationale de Football Association (FIFA), comprenant M. Veron Mosengo Omba et Mme Sol\u00e9mal\u00e9 Sarah, qui est arriv\u00e9e la veille \u00e0 Abidjan pour un s\u00e9jour de deux jours, a rencontr\u00e9 jeudi le ministre ivoirien des Sports, Paul Claude Danho, \u00e0 son Cabinet.<\/p>\n<p>Elle a install\u00e9 le Comit\u00e9 de normalisation de la F\u00e9d\u00e9ration ivoirienne de football (FIF), compos\u00e9 de la femme d\u2019Affaires ivoirienne Dao Gabala, l\u2019ex-ministre ivoirien de la S\u00e9curit\u00e9 Martin Bl\u00e9ou et Me Simon Ab\u00e9. \u00a0 \u00a0<\/p>\n<p>Le directeur des associations membres de la FIFA pour l\u2019Afrique et les Cara\u00efbes et la Senior Manager, a au cours d\u2019une rencontre de la mission avec M. Danho, annonc\u00e9 \u00ab\u00a0l\u2019installation ce jeudi \u00a0du Comit\u00e9 de normalisation\u00a0\u00bb, rapporte une note officielle post\u00e9e sur la page Facebook du minist\u00e8re des Sports.<\/p>\n<p>Ce Comit\u00e9 est mis en place conform\u00e9ment \u00e0 une d\u00e9cision de la FIFA prise le 24 d\u00e9cembre 2020 suite au blocage du processus de renouvellement des instances dirigeantes de la F\u00e9d\u00e9ration ivoirienne de football (FIF).<\/p>\n<p>Cette mise sous tutelle \u00ab\u00a0r\u00e9sulte du fait que les instances dirigeantes du football ivoirien ne sont pas parvenues \u00e0 organiser une proc\u00e9dure \u00e9lectorale conforme aux exigences statutaires et r\u00e9glementaires applicables \u00e0 toutes les associations membres de la Fifa \u00bb, a justifi\u00e9 l\u2019organisation internationale du football.<\/p>\n<p>Avec la mise sous normalisation, le Comit\u00e9 ex\u00e9cutif de la FIF qui est l\u2019organe de gestion, \u00ab\u00a0est relev\u00e9 de ses fonctions\u00a0\u00bb. De ce fait, le Comit\u00e9 de normalisation g\u00e8re l\u2019organisation, notamment les affaires courantes (l\u2019administration et les charges courantes). \u00a0\u00a0<\/p>\n<p>Selon M. Veron, le Comit\u00e9 de normalisation a pour mandat la gestion des affaires courantes de la FIF, la mise \u00ab\u00a0\u00e0 plat des textes (r\u00e8glement, statut et code \u00e9lectoral) afin d\u2019y corriger les contradictions et dysfonctionnements relev\u00e9s par la Commission d\u2019enqu\u00eate conjointe FIFA\/CAF (Septembre-octobre 2020) et d\u2019organiser l\u2019\u00e9lection du nouveau Comit\u00e9 ex\u00e9cutif\u00a0\u00bb. \u00a0<\/p>\n<p>Il a en outre pr\u00e9cis\u00e9 que \u00ab\u00a0le Comit\u00e9 de normalisation n\u2019aura pas \u00e0 charge la gestion des projets de d\u00e9veloppement\u00a0\u00bb. Le ministre des Sports a toutefois souhait\u00e9 que le Comit\u00e9 accompagne la reprise du championnat national et la participation des \u00e9quipes ivoiriennes aux comp\u00e9titions continentales et internationales afin de soulager les clubs et les sportifs.<\/p>\n<p>M. Danho a exprim\u00e9 le v\u0153u de l\u2019Etat de C\u00f4te d\u2019Ivoire, \u00e0 savoir \u00ab\u00a0le retour rapide \u00e0 la normalit\u00e9\u00a0\u00bb de la FIF, tout en les rassurant, en ce qui le concerne, de sa disponibilit\u00e9 \u00e0 tout mettre en \u0153uvre afin que la normalisation se d\u00e9roule le plus rapidement possible et dans les meilleures conditions.<\/p>\n<p>Il a rappel\u00e9 le cadre l\u00e9gal qui lie l\u2019Etat ivoirien \u00e0 la FIF, \u00e0 qui un mandat appuy\u00e9 par une convention d\u2019objectifs pluriannuelle a \u00e9t\u00e9 donn\u00e9 pour le d\u00e9veloppement du football en C\u00f4te d\u2019Ivoire. Ce cadre fait d\u2019ailleurs \u00ab\u00a0obligation\u00a0\u00bb \u00e0 la tutelle d\u2019avoir un regard privil\u00e9gi\u00e9 sur les activit\u00e9s de la f\u00e9d\u00e9ration.<\/p>\n<p>Concernant la reprise des comp\u00e9titions nationales, la mission a non seulement salu\u00e9 ce v\u0153u, mais rappel\u00e9 que la FIFA n\u2019a jamais demand\u00e9 l\u2019arr\u00eat de celles-ci malgr\u00e9 la crise, insinuant qu\u2019elle a annonc\u00e9 un soutien sp\u00e9cial Covid-19 pour aider les clubs.<\/p>\n<p>\u00ab\u00a0Sans club, il n\u2019y a pas de FIFA, sans club, il n\u2019y a pas de FIF \u00bb, a d\u00e9clar\u00e9 M. Veron. Il a soutenu que les membres de cette administration provisoire sont choisis selon des crit\u00e8res de probit\u00e9.<\/p>\n<\/div>\n<p>Auteur: APA News<br \/>\n<a href=\"https:\/\/www.journalducameroun.com\/une-mission-de-la-fifa-installe-le-comite-de-normalisation-de-la-fif-a-abidjan\/\">Cliquez ici pour lire l&rsquo;article depuis sa source.<\/a><\/p>\n","protected":false},"excerpt":{"rendered":"<p>Publi\u00e9 le 14.01.2021 \u00e0 21h18 par APA News Une mission de la FIFA a proc\u00e9d\u00e9 jeudi, \u00e0 Abidjan, \u00e0 l\u2019installation du Comit\u00e9 de normalisation de la F\u00e9d\u00e9ration ivoirienne de football (FIF), sens\u00e9e assainir les textes statutaires et organiser l\u2019\u00e9lection du pr\u00e9sident de l\u2019organisation, selon une note du minist\u00e8re des Sports. Cette mission de la F\u00e9d\u00e9ration [&hellip;]<\/p>\n","protected":false},"author":1965,"featured_media":0,"comment_status":"closed","ping_status":"closed","sticky":false,"template":"","format":"standard","meta":{"fifu_image_url":"","fifu_image_alt":"","footnotes":""},"categories":[73,82],"tags":[],"class_list":["post-109325","post","type-post","status-publish","format-standard","hentry","category-actualite","category-cameroun"],"_links":{"self":[{"href":"https:\/\/linitiative.ca\/International\/wp-json\/wp\/v2\/posts\/109325","targetHints":{"allow":["GET"]}}],"collection":[{"href":"https:\/\/linitiative.ca\/International\/wp-json\/wp\/v2\/posts"}],"about":[{"href":"https:\/\/linitiative.ca\/International\/wp-json\/wp\/v2\/types\/post"}],"author":[{"embeddable":true,"href":"https:\/\/linitiative.ca\/International\/wp-json\/wp\/v2\/users\/1965"}],"replies":[{"embeddable":true,"href":"https:\/\/linitiative.ca\/International\/wp-json\/wp\/v2\/comments?post=109325"}],"version-history":[{"count":0,"href":"https:\/\/linitiative.ca\/International\/wp-json\/wp\/v2\/posts\/109325\/revisions"}],"wp:attachment":[{"href":"https:\/\/linitiative.ca\/International\/wp-json\/wp\/v2\/media?parent=109325"}],"wp:term":[{"taxonomy":"category","embeddable":true,"href":"https:\/\/linitiative.ca\/International\/wp-json\/wp\/v2\/categories?post=109325"},{"taxonomy":"post_tag","embeddable":true,"href":"https:\/\/linitiative.ca\/International\/wp-json\/wp\/v2\/tags?post=109325"}],"curies":[{"name":"wp","href":"https:\/\/api.w.org\/{rel}","templated":true}]}}