{"id":109326,"date":"2021-01-14T16:18:02","date_gmt":"2021-01-14T21:18:02","guid":{"rendered":"https:\/\/linitiative.ca\/International\/legislatives-ivoiriennes-la-cei-devoile-le-chronogramme-du-processus-electoral\/"},"modified":"2021-01-14T16:18:02","modified_gmt":"2021-01-14T21:18:02","slug":"legislatives-ivoiriennes-la-cei-devoile-le-chronogramme-du-processus-electoral","status":"publish","type":"post","link":"https:\/\/linitiative.ca\/International\/legislatives-ivoiriennes-la-cei-devoile-le-chronogramme-du-processus-electoral\/","title":{"rendered":"L\u00e9gislatives ivoiriennes: la CEI d\u00e9voile le chronogramme du processus \u00e9lectoral"},"content":{"rendered":"<div readability=\"32\">\n<p>Publi\u00e9 le 14.01.2021 \u00e0 22h18 par APA News<\/p>\n<\/div>\n<div readability=\"110\">\n<p>Le pr\u00e9sident de la Commission \u00e9lectorale ind\u00e9pendante (CEI), Ibrahime Coulibaly-Kuibiert, a pr\u00e9sent\u00e9 jeudi \u00e0 Abidjan le chronogramme des \u00e9lections l\u00e9gislatives ivoiriennes du 6 mars 2021, lors d\u2019une rencontre avec les repr\u00e9sentants des partis et groupements politiques.<\/p>\n<p>\u00ab\u00a0Nous allons publier la liste d\u00e9finitive des candidats le 31 janvier et ensuite transmettre cette liste au Conseil constitutionnel le 1er f\u00e9vrier 2021\u00a0\u00bb, a indiqu\u00e9 M. Ibrahime Coulibaly-Kuibiert, annon\u00e7ant que la campagne est ouverte du 26 f\u00e9vrier au 04 mars 2021.<\/p>\n<p>Depuis le 4 janvier 2021, la CEI, institution charg\u00e9e d\u2019organiser ces \u00e9lections, r\u00e9ceptionne les candidatures. Le d\u00e9p\u00f4t des candidatures qui s\u2019ach\u00e8ve le 20 janvier, est jug\u00e9 court par l\u2019opposition, mais les autorit\u00e9s avancent le respect des d\u00e9lais fix\u00e9s par la Constitution.<\/p>\n<p>Selon le calendrier, la campagne \u00e9lectorale, pr\u00e9vue sur une semaine, s\u2019ouvre le 26 f\u00e9vrier et prend fin le 4 mars, apr\u00e8s la phase de formation des commissaires locaux et des agents \u00e9lectoraux, qui a lieu sur trois semaines. \u00a0 \u00a0\u00a0<\/p>\n<p>\u00ab\u00a0Nous proclamons les r\u00e9sultats provisoires le 09 mars\u00a0\u00bb, a-t-il fait savoir, soulignant qu\u2019en cas d\u2019\u00e9ventuelles \u00e9galit\u00e9s parfaites entre les candidats, un nouveau scrutin aura lieu le 24 mars et le r\u00e9sultat sera proclam\u00e9 le 25 mars 2021. \u00a0<\/p>\n<p>En vue d\u2019\u00e9viter l\u2019homonymie, il est requis qu\u2019on mette le num\u00e9ro de la carte d\u2019\u00e9lecteur dans le dossier de candidature, toutefois \u00ab\u00a0ce n\u2019est pas une condition de recevabilit\u00e9 mais des modalit\u00e9s pratiques d\u2019ex\u00e9cution d\u2019une t\u00e2che\u00a0\u00bb, a-t-il expliqu\u00e9.<\/p>\n<p>\u00ab\u00a0Quand j\u2019entends que c\u2019est seulement aux militants du FPI (Front populaire ivoirien, parti fond\u00e9 par Laurent Gbagbo) qu\u2019on demande cela, ce n\u2019est pas \u00e7a l\u2019objectif\u00a0\u00bb, a-t-il dit, avant d\u2019ajouter que \u00ab\u00a0si tel est le cas on a d\u00e9vi\u00e9\u00a0\u00ab\u00a0.<\/p>\n<p>\u00ab\u00a0On a voulu faciliter la t\u00e2che \u00e0 ceux qui payent, (car) le num\u00e9ro de la carte est unique pour chacun. C\u2019est pour cette raison que les agents ont demand\u00e9 cela, ce n\u2019est pas pour \u00e9liminer quelqu\u2019un. Mais, si tel est le cas, portez les faits avec l\u2019identit\u00e9 des personnes ayant pos\u00e9 cela \u00e0 notre connaissance \u00e0 l\u2019effet pour nous d\u2019en tirer toutes les cons\u00e9quences\u00a0\u00bb, a-t-il rassur\u00e9. \u00a0<\/p>\n<p>Interrog\u00e9 par la presse en marge de la rencontre, Jean Gervais Tch\u00e9id\u00e9, repr\u00e9sentant de EDS, coalition dont le r\u00e9f\u00e9rent politique est Laurent Gbagbo, a appel\u00e9 \u00e0 l\u2019examen d\u2019un report du scrutin, une r\u00e9vision du d\u00e9coupage \u00e9lectoral en raison des \u00ab\u00a0disparit\u00e9s trop criardes\u00a0\u00bb, ainsi qu\u2019un audit de la liste \u00e9lectorale. \u00a0\u00a0<\/p>\n<p>Pour ces \u00e9lections l\u00e9gislatives, il est fait obligation \u00e0 chaque parti ou groupement politique de respecter le taux de 30% de si\u00e8ges au profit des femmes selon les dispositions l\u00e9gales. L\u2019opposition dans son ensemble a d\u00e9cid\u00e9 d\u2019aller pour ce scrutin en rang serr\u00e9 avec une strat\u00e9gie commune. \u00a0 \u00a0<\/p>\n<\/div>\n<p>Auteur: APA News<br \/>\n<a href=\"https:\/\/www.journalducameroun.com\/legislatives-ivoiriennes-la-cei-devoile-le-chronogramme-du-processus-electoral\/\">Cliquez ici pour lire l&rsquo;article depuis sa source.<\/a><\/p>\n","protected":false},"excerpt":{"rendered":"<p>Publi\u00e9 le 14.01.2021 \u00e0 22h18 par APA News Le pr\u00e9sident de la Commission \u00e9lectorale ind\u00e9pendante (CEI), Ibrahime Coulibaly-Kuibiert, a pr\u00e9sent\u00e9 jeudi \u00e0 Abidjan le chronogramme des \u00e9lections l\u00e9gislatives ivoiriennes du 6 mars 2021, lors d\u2019une rencontre avec les repr\u00e9sentants des partis et groupements politiques. \u00ab\u00a0Nous allons publier la liste d\u00e9finitive des candidats le 31 janvier [&hellip;]<\/p>\n","protected":false},"author":1965,"featured_media":0,"comment_status":"closed","ping_status":"closed","sticky":false,"template":"","format":"standard","meta":{"fifu_image_url":"","fifu_image_alt":"","footnotes":""},"categories":[73,82],"tags":[],"class_list":["post-109326","post","type-post","status-publish","format-standard","hentry","category-actualite","category-cameroun"],"_links":{"self":[{"href":"https:\/\/linitiative.ca\/International\/wp-json\/wp\/v2\/posts\/109326","targetHints":{"allow":["GET"]}}],"collection":[{"href":"https:\/\/linitiative.ca\/International\/wp-json\/wp\/v2\/posts"}],"about":[{"href":"https:\/\/linitiative.ca\/International\/wp-json\/wp\/v2\/types\/post"}],"author":[{"embeddable":true,"href":"https:\/\/linitiative.ca\/International\/wp-json\/wp\/v2\/users\/1965"}],"replies":[{"embeddable":true,"href":"https:\/\/linitiative.ca\/International\/wp-json\/wp\/v2\/comments?post=109326"}],"version-history":[{"count":0,"href":"https:\/\/linitiative.ca\/International\/wp-json\/wp\/v2\/posts\/109326\/revisions"}],"wp:attachment":[{"href":"https:\/\/linitiative.ca\/International\/wp-json\/wp\/v2\/media?parent=109326"}],"wp:term":[{"taxonomy":"category","embeddable":true,"href":"https:\/\/linitiative.ca\/International\/wp-json\/wp\/v2\/categories?post=109326"},{"taxonomy":"post_tag","embeddable":true,"href":"https:\/\/linitiative.ca\/International\/wp-json\/wp\/v2\/tags?post=109326"}],"curies":[{"name":"wp","href":"https:\/\/api.w.org\/{rel}","templated":true}]}}