{"id":109328,"date":"2021-01-14T09:48:14","date_gmt":"2021-01-14T14:48:14","guid":{"rendered":"https:\/\/linitiative.ca\/International\/chan-2020-la-caf-a-selectionne-47-arbitres-dont-3-camerounais-pour-diriger-les-matchs\/"},"modified":"2021-01-14T09:48:14","modified_gmt":"2021-01-14T14:48:14","slug":"chan-2020-la-caf-a-selectionne-47-arbitres-dont-3-camerounais-pour-diriger-les-matchs","status":"publish","type":"post","link":"https:\/\/linitiative.ca\/International\/chan-2020-la-caf-a-selectionne-47-arbitres-dont-3-camerounais-pour-diriger-les-matchs\/","title":{"rendered":"CHAN 2020 : la CAF a s\u00e9lectionn\u00e9 47 arbitres dont 3 Camerounais pour diriger les matchs"},"content":{"rendered":"<p>Les 47 arbitres africains retenus par la commission des arbitres de la Conf\u00e9d\u00e9ration Africaine de Football (CAF), ont effectu\u00e9 une s\u00e9ance d\u2019entrainement jeudi matin \u00e0 Douala, \u00e0 l\u2019effet de peaufiner les derniers reglages avant le coup d\u2019envoi de la comp\u00e9tition.<\/p>\n<p>Ce sont ces hommes et femmes, issus de 31 pays sur le continent, qui seront au sifflet dans les rencontres du 6<sup>e<\/sup>\u00a0Championnat d\u2019Afrique des Nations (CHAN) de football, entre le 16 janvier et le 7 f\u00e9vrier 2021. On y d\u00e9nombre dix-neuf (19) arbitres, vingt (20) arbitres assistants et huit (8) arbitres vid\u00e9o.<\/p>\n<p>Le Cameroun sera repr\u00e9sent\u00e9 dans le corps arbitral par trois ambassadeurs, en l\u2019occurrence le central Alioum Sidi, l\u2019arbitre asistant vid\u00e9o Elvis Noupue et l\u2019assistante Carine Atezambong, l\u2019une des quatre femmes retenues par la CAF pour ce tournoi.<\/p>\n<p>\u00ab\u00a0Le choix du groupe final d\u2019arbitres a \u00e9t\u00e9 effectu\u00e9 sur la base de leurs comp\u00e9tences physiques et sportives, ainsi que de leur compr\u00e9hension du football notamment leur capacit\u00e9 \u00e0 lire le jeu\u00a0\u00bb, a pr\u00e9cis\u00e9 la CAF sur son site internet.<\/p>\n<p>Pour l\u2019heure, la commission des arbitres de la conf\u00e9d\u00e9ration n\u2019a pas encore d\u00e9sign\u00e9 les officiels du match d\u2019ouverture entre le Cameroun et le Zimbabwe.<\/p>\n<p><strong>Yannick KENNE<\/strong><\/p>\n<p>Auteur: Eco Matin<br \/>\n<a href=\"https:\/\/ecomatin.net\/chan-2020-la-caf-a-selectionne-47-arbitres-dont-3-camerounais-pour-diriger-les-matchs\/\">Cliquez ici pour lire l&rsquo;article depuis sa source.<\/a><\/p>\n","protected":false},"excerpt":{"rendered":"<p>Les 47 arbitres africains retenus par la commission des arbitres de la Conf\u00e9d\u00e9ration Africaine de Football (CAF), ont effectu\u00e9 une s\u00e9ance d\u2019entrainement jeudi matin \u00e0 Douala, \u00e0 l\u2019effet de peaufiner les derniers reglages avant le coup d\u2019envoi de la comp\u00e9tition. Ce sont ces hommes et femmes, issus de 31 pays sur le continent, qui seront [&hellip;]<\/p>\n","protected":false},"author":1969,"featured_media":0,"comment_status":"closed","ping_status":"closed","sticky":false,"template":"","format":"standard","meta":{"fifu_image_url":"","fifu_image_alt":"","footnotes":""},"categories":[82,78],"tags":[],"class_list":["post-109328","post","type-post","status-publish","format-standard","hentry","category-cameroun","category-economie"],"_links":{"self":[{"href":"https:\/\/linitiative.ca\/International\/wp-json\/wp\/v2\/posts\/109328","targetHints":{"allow":["GET"]}}],"collection":[{"href":"https:\/\/linitiative.ca\/International\/wp-json\/wp\/v2\/posts"}],"about":[{"href":"https:\/\/linitiative.ca\/International\/wp-json\/wp\/v2\/types\/post"}],"author":[{"embeddable":true,"href":"https:\/\/linitiative.ca\/International\/wp-json\/wp\/v2\/users\/1969"}],"replies":[{"embeddable":true,"href":"https:\/\/linitiative.ca\/International\/wp-json\/wp\/v2\/comments?post=109328"}],"version-history":[{"count":0,"href":"https:\/\/linitiative.ca\/International\/wp-json\/wp\/v2\/posts\/109328\/revisions"}],"wp:attachment":[{"href":"https:\/\/linitiative.ca\/International\/wp-json\/wp\/v2\/media?parent=109328"}],"wp:term":[{"taxonomy":"category","embeddable":true,"href":"https:\/\/linitiative.ca\/International\/wp-json\/wp\/v2\/categories?post=109328"},{"taxonomy":"post_tag","embeddable":true,"href":"https:\/\/linitiative.ca\/International\/wp-json\/wp\/v2\/tags?post=109328"}],"curies":[{"name":"wp","href":"https:\/\/api.w.org\/{rel}","templated":true}]}}