{"id":109330,"date":"2021-01-14T11:15:58","date_gmt":"2021-01-14T16:15:58","guid":{"rendered":"https:\/\/linitiative.ca\/International\/chan-2020-la-crtv-revendique-ses-droits-de-diffusion\/"},"modified":"2021-01-14T11:15:58","modified_gmt":"2021-01-14T16:15:58","slug":"chan-2020-la-crtv-revendique-ses-droits-de-diffusion","status":"publish","type":"post","link":"https:\/\/linitiative.ca\/International\/chan-2020-la-crtv-revendique-ses-droits-de-diffusion\/","title":{"rendered":"Chan 2020 : la Crtv revendique ses droits de diffusion"},"content":{"rendered":"<div class=\"featured-area featured-area-inner\">\n<p><img loading=\"lazy\" decoding=\"async\" width=\"700\" height=\"380\" src=\"https:\/\/ecomatin.net\/wp-content\/uploads\/2021\/01\/CRTV.png\" class=\"attachment-jannah-image-post size-jannah-image-post wp-post-image\" alt=\"\" is_main_img=\"1\" srcset=\"https:\/\/ecomatin.net\/wp-content\/uploads\/2021\/01\/CRTV.png 700w, https:\/\/ecomatin.net\/wp-content\/uploads\/2021\/01\/CRTV-300x163.png 300w, https:\/\/ecomatin.net\/wp-content\/uploads\/2021\/01\/CRTV-600x326.png 600w\" sizes=\"auto, (max-width: 700px) 100vw, 700px\"\/><\/p>\n<\/div>\n<div class=\"entry-content entry clearfix\" readability=\"62.765159301131\">\n<p>La pr\u00e9paration du Championnat d\u2019Afrique des Nations de football (Chan) ne se limite pas aux seuls plans infrastructurels, \u00e9v\u00e8nementiels et organisationnels. Il se pr\u00e9pare aussi sur le plan de la diffusion du signal. C\u2019est sur cet aspect que la Cameroon radio television (Crtv) a acquis aupr\u00e8s de la Conf\u00e9d\u00e9ration africaine de football (CAF), les droits de diffusion de la 6e \u00a0\u00e9dition du Chan qui se joue au Cameroun du 16 janvier au 7 f\u00e9vrier 2021. Des droits acquis, selon l\u2019entreprise publique audiovisuelle \u00e0 hauteur de 1,96 million d\u2019euros soit environ 1,2 milliard de FCFA, pour le Chan et la Coupe d\u2019Afrique des nations (CAN) pr\u00e9vue au Cameroun en 2022. \u00a0<\/p>\n<p><strong>Lire aussi<\/strong> : <a href=\"https:\/\/ecomatin.net\/la-cameroun-radio-television-adopte-un-budget-de-28-milliards-de-fcfa-pour-2021\/\">La Crtv adopte un budget de 28 milliards de Fcfa pour 2021<\/a><\/p>\n<p>En tant que d\u00e9tentrice exclusive des droits de diffusion sur toute l\u2019\u00e9tendue du territoire national, la cha\u00eene de radio-t\u00e9l\u00e9vision nationale a interdiction de diffuser par Internet Broadband et par technologie mobile, ce qui explique la lettre adress\u00e9e au Directeur g\u00e9n\u00e9ral de Inside Tv par son homologue de la Crtv, Charles Ndongo. Dans ce courrier du 28 d\u00e9cembre 2020, avec pour objet\u00a0: \u00ab\u00a0Non reprise du signal Crtv\u00a0\u00bb, et dont nous avons pu avoir copie, l\u2019on peut lire\u00a0:\u00a0\u00ab\u00a0Ainsi, toute retransmission partielle ou totale de cette comp\u00e9tition par votre structure audiovisuelle pourrait entrainer la r\u00e9siliation dudit contrat, et partant la suspension du signal. Toutes choses pouvant cr\u00e9er d\u2019\u00e9normes dommage aussi bien \u00e0 la Crtv qu\u2019\u00e0 la Nation toute enti\u00e8re\u00bb. \u00a0 \u00a0<\/p>\n<p><strong>Lire aussi<\/strong> : <a href=\"https:\/\/ecomatin.net\/la-crtv-cherche-40-milliards-fcfa-pour-basculer-vers-la-tnt\/\">La Crtv cherche 40 milliards\u00a0\u00a0de Fcfa pour basculer vers la TNT<\/a><\/p>\n<p>Rappelons que pour l\u2019ann\u00e9e en cours, la Crtv a adopt\u00e9 un budget de \u00a027,9 milliards de FCFA, qui devra alors lui permettre de couvrir l\u2019ensemble de ses d\u00e9penses et de tout mettre en \u0153uvre pour une couverture optimale des diff\u00e9rents chantiers qui attendent le Cameroun, notamment le Chan et la CAN. \u00a0<\/p>\n<\/div>\n<p>Auteur: Cindy MBALA<br \/>\n<a href=\"https:\/\/ecomatin.net\/chan-2020-la-crtv-revendique-ses-droits-de-diffusion\/\">Cliquez ici pour lire l&rsquo;article depuis sa source.<\/a><\/p>\n","protected":false},"excerpt":{"rendered":"<p>La pr\u00e9paration du Championnat d\u2019Afrique des Nations de football (Chan) ne se limite pas aux seuls plans infrastructurels, \u00e9v\u00e8nementiels et organisationnels. Il se pr\u00e9pare aussi sur le plan de la diffusion du signal. C\u2019est sur cet aspect que la Cameroon radio television (Crtv) a acquis aupr\u00e8s de la Conf\u00e9d\u00e9ration africaine de football (CAF), les droits [&hellip;]<\/p>\n","protected":false},"author":1969,"featured_media":0,"comment_status":"closed","ping_status":"closed","sticky":false,"template":"","format":"standard","meta":{"fifu_image_url":"https:\/\/ecomatin.net\/wp-content\/uploads\/2021\/01\/CRTV.png","fifu_image_alt":"Chan 2020 : la Crtv revendique ses droits de diffusion","footnotes":""},"categories":[82,78],"tags":[],"class_list":["post-109330","post","type-post","status-publish","format-standard","hentry","category-cameroun","category-economie"],"_links":{"self":[{"href":"https:\/\/linitiative.ca\/International\/wp-json\/wp\/v2\/posts\/109330","targetHints":{"allow":["GET"]}}],"collection":[{"href":"https:\/\/linitiative.ca\/International\/wp-json\/wp\/v2\/posts"}],"about":[{"href":"https:\/\/linitiative.ca\/International\/wp-json\/wp\/v2\/types\/post"}],"author":[{"embeddable":true,"href":"https:\/\/linitiative.ca\/International\/wp-json\/wp\/v2\/users\/1969"}],"replies":[{"embeddable":true,"href":"https:\/\/linitiative.ca\/International\/wp-json\/wp\/v2\/comments?post=109330"}],"version-history":[{"count":0,"href":"https:\/\/linitiative.ca\/International\/wp-json\/wp\/v2\/posts\/109330\/revisions"}],"wp:attachment":[{"href":"https:\/\/linitiative.ca\/International\/wp-json\/wp\/v2\/media?parent=109330"}],"wp:term":[{"taxonomy":"category","embeddable":true,"href":"https:\/\/linitiative.ca\/International\/wp-json\/wp\/v2\/categories?post=109330"},{"taxonomy":"post_tag","embeddable":true,"href":"https:\/\/linitiative.ca\/International\/wp-json\/wp\/v2\/tags?post=109330"}],"curies":[{"name":"wp","href":"https:\/\/api.w.org\/{rel}","templated":true}]}}