{"id":109331,"date":"2021-01-14T11:23:57","date_gmt":"2021-01-14T16:23:57","guid":{"rendered":"https:\/\/linitiative.ca\/International\/covid-19-le-consupe-sur-les-traces-du-riz-orca\/"},"modified":"2021-01-14T11:23:57","modified_gmt":"2021-01-14T16:23:57","slug":"covid-19-le-consupe-sur-les-traces-du-riz-orca","status":"publish","type":"post","link":"https:\/\/linitiative.ca\/International\/covid-19-le-consupe-sur-les-traces-du-riz-orca\/","title":{"rendered":"Covid-19 : le Consupe sur les traces du riz Orca"},"content":{"rendered":"<p>Les Services du Contr\u00f4le sup\u00e9rieur de l\u2019Etat (Consupe) viennent de rendre public une correspondance adress\u00e9e au Directeur g\u00e9n\u00e9ral de Orca avec pour objet\u00a0: \u00ab\u00a0demande d\u2019informations et de documents\u00a0\u00bb. De celle-ci l\u2019on apprend qu\u2019une mission sp\u00e9ciale de contr\u00f4le et de v\u00e9rification des Services du Consupe a \u00e9t\u00e9 d\u00e9ploy\u00e9e aupr\u00e8s du minist\u00e8re de la Sant\u00e9 publique \u00e0 l\u2019effet d\u2019auditer la gestion des fonds mis \u00e0 la disposition de ce d\u00e9partement minist\u00e9riel et li\u00e9es \u00e0 la lutte contre le Covid-19. \u00a0<\/p>\n<p>Il est alors demand\u00e9 \u00e0 l\u2019entreprise d\u2019ameublement de fournir \u00ab\u00a0premi\u00e8rement, la d\u00e9nomination exacte et la quantification pr\u00e9cise des dons en nature remis respectivement au profit des services centraux et des services d\u00e9concentr\u00e9s (d\u00e9l\u00e9gations r\u00e9gionales, districts de sant\u00e9 et formations sanitaires) du Minsant\u00e9 quels qu\u2019ils soient\u00a0; deuxi\u00e8mement, tout document attestant la r\u00e9ception desdits don par les services b\u00e9n\u00e9ficiaires\u00a0\u00bb.<\/p>\n<p><strong>Lire aussi<\/strong> : <a href=\"https:\/\/ecomatin.net\/le-consupe-va-auditer-la-gestion-des-180-milliards-du-fonds-special-covid-19\/\">Le Consupe va auditer la gestion des 180 milliards du fonds sp\u00e9cial Covid-19<\/a><\/p>\n<p>La pr\u00e9sente correspondance du Consupe n\u2019est pas anodine. C\u2019est \u00e0 elle qu\u2019a \u00e9t\u00e9 confi\u00e9 l\u2019audit des 180 milliards de Fcfa du fonds Covid-19. D\u00e9cision prise par le Secr\u00e9taire g\u00e9n\u00e9ral de la pr\u00e9sidence Ferdinand Ngoh Ngoh. Bien plus, le Consupe voudrait voir clair sur cette dotation qui avait suscit\u00e9 un vif \u00e9moi aupr\u00e8s des populations. N\u2019ayant jamais vu le riz en question, elles ont \u00e9mis une hypoth\u00e8se de d\u00e9tournement. Ceci avait alors conduit \u00e0 des sorties du Minsant\u00e9, Manaouda Malachie. Dans un tweet du 22 juillet 2020 il \u00e9crivait\u00a0: \u00ab\u00a0Pour que cela soit clair pour tous, les 4000 sacs de riz de Orca ont \u00e9t\u00e9 enti\u00e8rement r\u00e9partis et achemin\u00e9s depuis le 29 avril 2020, aux 10 gouverneurs de r\u00e9gion, avec toutes les d\u00e9charges n\u00e9cessaires\u00a0\u00bb. \u00a0<\/p>\n<p><strong>Lire aussi<\/strong> : <a href=\"https:\/\/ecomatin.net\/lutte-contre-le-covid-19-orca-offre-4-000-sacs-de-riz-pour-la-riposte\/\">Lutte contre le covid-19\u00a0: Orca offre 4000 sacs de riz pour la riposte<\/a><\/p>\n<p>Pour rappel, c\u2019\u00e9tait le jeudi 9 avril 2020, que le groupe Orca, l\u2019un des leaders de l\u2019ameublement et de la d\u00e9coration au Cameroun, avait manifest\u00e9 son int\u00e9r\u00eat pour la lutte contre la Covid-19. Le directeur g\u00e9n\u00e9ral Mazen Al Jamal avait alors remis 4 000 sacs de riz de 25 kilogrammes au ministre de la Sant\u00e9 Manaouda Malachie qui \u00e9tait accompagn\u00e9 pour la circonstance de son coll\u00e8gue du Commerce, Luc Magloire Mbarga Atangana.<\/p>\n<p>Auteur: Cindy MBALA<br \/>\n<a href=\"https:\/\/ecomatin.net\/covid-19-le-consupe-sur-les-traces-du-riz-orca\/\">Cliquez ici pour lire l&rsquo;article depuis sa source.<\/a><\/p>\n","protected":false},"excerpt":{"rendered":"<p>Les Services du Contr\u00f4le sup\u00e9rieur de l\u2019Etat (Consupe) viennent de rendre public une correspondance adress\u00e9e au Directeur g\u00e9n\u00e9ral de Orca avec pour objet\u00a0: \u00ab\u00a0demande d\u2019informations et de documents\u00a0\u00bb. De celle-ci l\u2019on apprend qu\u2019une mission sp\u00e9ciale de contr\u00f4le et de v\u00e9rification des Services du Consupe a \u00e9t\u00e9 d\u00e9ploy\u00e9e aupr\u00e8s du minist\u00e8re de la Sant\u00e9 publique \u00e0 [&hellip;]<\/p>\n","protected":false},"author":1969,"featured_media":0,"comment_status":"closed","ping_status":"closed","sticky":false,"template":"","format":"standard","meta":{"fifu_image_url":"","fifu_image_alt":"","footnotes":""},"categories":[82,78],"tags":[],"class_list":["post-109331","post","type-post","status-publish","format-standard","hentry","category-cameroun","category-economie"],"_links":{"self":[{"href":"https:\/\/linitiative.ca\/International\/wp-json\/wp\/v2\/posts\/109331","targetHints":{"allow":["GET"]}}],"collection":[{"href":"https:\/\/linitiative.ca\/International\/wp-json\/wp\/v2\/posts"}],"about":[{"href":"https:\/\/linitiative.ca\/International\/wp-json\/wp\/v2\/types\/post"}],"author":[{"embeddable":true,"href":"https:\/\/linitiative.ca\/International\/wp-json\/wp\/v2\/users\/1969"}],"replies":[{"embeddable":true,"href":"https:\/\/linitiative.ca\/International\/wp-json\/wp\/v2\/comments?post=109331"}],"version-history":[{"count":0,"href":"https:\/\/linitiative.ca\/International\/wp-json\/wp\/v2\/posts\/109331\/revisions"}],"wp:attachment":[{"href":"https:\/\/linitiative.ca\/International\/wp-json\/wp\/v2\/media?parent=109331"}],"wp:term":[{"taxonomy":"category","embeddable":true,"href":"https:\/\/linitiative.ca\/International\/wp-json\/wp\/v2\/categories?post=109331"},{"taxonomy":"post_tag","embeddable":true,"href":"https:\/\/linitiative.ca\/International\/wp-json\/wp\/v2\/tags?post=109331"}],"curies":[{"name":"wp","href":"https:\/\/api.w.org\/{rel}","templated":true}]}}