{"id":109333,"date":"2021-01-15T09:18:34","date_gmt":"2021-01-15T14:18:34","guid":{"rendered":"https:\/\/linitiative.ca\/International\/tanger-tetouan-al-hoceima-approbation-dun-projet-environnemental-finance-par-lue\/"},"modified":"2021-01-15T09:18:34","modified_gmt":"2021-01-15T14:18:34","slug":"tanger-tetouan-al-hoceima-approbation-dun-projet-environnemental-finance-par-lue","status":"publish","type":"post","link":"https:\/\/linitiative.ca\/International\/tanger-tetouan-al-hoceima-approbation-dun-projet-environnemental-finance-par-lue\/","title":{"rendered":"Tanger-T\u00e9touan-Al Hoceima : Approbation d\u2019un projet environnemental financ\u00e9 par l\u2019UE"},"content":{"rendered":"<header>\n<\/header>\n<div class=\"entry-content clearfix\" readability=\"58\"><img decoding=\"async\" class=\"post_layout_5_img\" src=\"http:\/\/aujourdhui.ma\/wp-content\/uploads\/2021\/01\/2-Lors-de-cette-assemblee.jpg\" alt=\"Tanger-T&#xE9;touan-Al Hoceima : Approbation d&#x2019;un projet environnemental financ&#xE9; par l&#x2019;UE\"\/><\/p>\n<p><span class=\"c5\"><strong>Aider au d\u00e9veloppement de la capacit\u00e9 et des comp\u00e9tences des acteurs r\u00e9gionaux et des autorit\u00e9s locales en vue d\u2019assurer un plaidoyer en faveur des secteurs de l\u2019\u00e9nergie, de l\u2019environnement, du climat et du d\u00e9veloppement durable.<\/strong><\/span><span id=\"more-365645\"\/><\/p>\n<p>Tels sont les objectifs principaux du projet \u00abServices pour l\u2019\u00e9nergie et le climat\u00bb, dont le contrat de soutien et de financement par l\u2019Union europ\u00e9enne vient d\u2019\u00eatre approuv\u00e9 lors de la session extraordinaire du Conseil r\u00e9gional de Tanger-T\u00e9touan-Al Hoceima (CR-TTA) pr\u00e9sid\u00e9e, mercredi 13 janvier, par Fatima El Hassani. Ce projet, dont le lancement est pr\u00e9vu au mois de novembre, n\u00e9cessite une enveloppe budg\u00e9taire globale de plus de 36 millions de dirhams. D\u2019une dur\u00e9e de 48 mois, il s\u2019assigne \u00e9galement pour objectif de former les jeunes de la r\u00e9gion afin de pouvoir aider \u00e0 les int\u00e9grer au march\u00e9 du travail des m\u00e9tiers verts.<br \/>Rappelons que, port\u00e9 par le CR-TTA, \u00abServices pour l\u2019\u00e9nergie et le climat\u00bb a \u00e9t\u00e9 s\u00e9lectionn\u00e9 \u00abparmi pr\u00e8s de 1.000 projets soumis par les pays de la M\u00e9diterran\u00e9e et du Moyen-Orient\u00bb, selon le Conseil r\u00e9gional.<br \/>Ce projet permet la cr\u00e9ation de huit services locaux d\u00e9di\u00e9s \u00e0 l\u2019\u00e9nergie et au climat, au profit des diff\u00e9rentes pr\u00e9fectures et provinces de la r\u00e9gion du Nord. Il s\u2019agit \u00e9galement de \u00abmettre en place un r\u00e9seau institutionnel structur\u00e9 pour la coordination et la coop\u00e9ration\u00bb, fait savoir la m\u00eame source.<br \/>Ce projet permet \u00e0 la r\u00e9gion du Nord l\u2019am\u00e9nagement et la gestion des parcs naturels de ses pr\u00e9fectures et provinces, et ce en partenariat avec les secteurs gouvernementaux et les partenaires \u00e9trangers. Il pr\u00e9voit ainsi de s\u2019inspirer de l\u2019exp\u00e9rience r\u00e9ussie de la r\u00e9gion fran\u00e7aise de PACA (Provence-Alpes-C\u00f4te d\u2019Azur) (en sa qualit\u00e9 de partenaire) dans la r\u00e9alisation des services pour l\u2019\u00e9nergie et le climat.<br \/>Notons que les travaux de cette session extraordinaire ont \u00e9t\u00e9 marqu\u00e9s par l\u2019\u00e9tude et l\u2019approbation de plus d\u2019une quinzaine de points \u00e0 l\u2019ordre du jour. Les conseillers r\u00e9gionaux ont adopt\u00e9, entre autres, huit conventions de partenariat visant la r\u00e9alisation de nouvelles infrastructures de base au profit du monde rural dans la r\u00e9gion. Ce projet n\u00e9cessite un montant global de 440 millions de dirhams, dont 180 millions seront financ\u00e9s par le CR-TTA. Cette assembl\u00e9e a connu l\u2019adoption du projet d\u2019am\u00e9nagement et l\u2019\u00e9largissement des rives de l\u2019Oued Martil pour 1,98 milliard de dirhams. Le Conseil r\u00e9gional s\u2019engage \u00e0 contribuer au financement de ce projet pour une enveloppe budg\u00e9taire de 183 millions de dirhams. Il s\u2019agit \u00e9galement de l\u2019adoption d\u2019un projet de r\u00e9vision de la convention de la cr\u00e9ation des deux facult\u00e9s pluridisciplinaires \u00e0 Chefchaouen et Ouezzane, dont les dispositions avaient \u00e9t\u00e9 approuv\u00e9es initialement lors de la session du Conseil r\u00e9gional au titre du mois de mars.<\/p>\n<\/div>\n<p>Auteur: Najat Fa\u00efssal<br \/>\n<a href=\"https:\/\/aujourdhui.ma\/societe\/tanger-tetouan-al-hoceima-approbation-dun-projet-environnemental-finance-par-lue\">Cliquez ici pour lire l&rsquo;article depuis sa source.<\/a><\/p>\n","protected":false},"excerpt":{"rendered":"<p>Aider au d\u00e9veloppement de la capacit\u00e9 et des comp\u00e9tences des acteurs r\u00e9gionaux et des autorit\u00e9s locales en vue d\u2019assurer un plaidoyer en faveur des secteurs de l\u2019\u00e9nergie, de l\u2019environnement, du climat et du d\u00e9veloppement durable. Tels sont les objectifs principaux du projet \u00abServices pour l\u2019\u00e9nergie et le climat\u00bb, dont le contrat de soutien et de [&hellip;]<\/p>\n","protected":false},"author":1759,"featured_media":0,"comment_status":"closed","ping_status":"closed","sticky":false,"template":"","format":"standard","meta":{"fifu_image_url":"http:\/\/aujourdhui.ma\/wp-content\/uploads\/2021\/01\/2-Lors-de-cette-assemblee.jpg","fifu_image_alt":"Tanger-T\u00e9touan-Al Hoceima : Approbation d\u2019un projet environnemental financ\u00e9 par l\u2019UE","footnotes":""},"categories":[73,54],"tags":[],"class_list":["post-109333","post","type-post","status-publish","format-standard","hentry","category-actualite","category-maroc"],"_links":{"self":[{"href":"https:\/\/linitiative.ca\/International\/wp-json\/wp\/v2\/posts\/109333","targetHints":{"allow":["GET"]}}],"collection":[{"href":"https:\/\/linitiative.ca\/International\/wp-json\/wp\/v2\/posts"}],"about":[{"href":"https:\/\/linitiative.ca\/International\/wp-json\/wp\/v2\/types\/post"}],"author":[{"embeddable":true,"href":"https:\/\/linitiative.ca\/International\/wp-json\/wp\/v2\/users\/1759"}],"replies":[{"embeddable":true,"href":"https:\/\/linitiative.ca\/International\/wp-json\/wp\/v2\/comments?post=109333"}],"version-history":[{"count":0,"href":"https:\/\/linitiative.ca\/International\/wp-json\/wp\/v2\/posts\/109333\/revisions"}],"wp:attachment":[{"href":"https:\/\/linitiative.ca\/International\/wp-json\/wp\/v2\/media?parent=109333"}],"wp:term":[{"taxonomy":"category","embeddable":true,"href":"https:\/\/linitiative.ca\/International\/wp-json\/wp\/v2\/categories?post=109333"},{"taxonomy":"post_tag","embeddable":true,"href":"https:\/\/linitiative.ca\/International\/wp-json\/wp\/v2\/tags?post=109333"}],"curies":[{"name":"wp","href":"https:\/\/api.w.org\/{rel}","templated":true}]}}