{"id":109334,"date":"2021-01-15T10:42:41","date_gmt":"2021-01-15T15:42:41","guid":{"rendered":"https:\/\/linitiative.ca\/International\/a-travers-souss-launchpad-enactus-accompagne-800-jeunes-dans-le-souss-massa\/"},"modified":"2021-01-15T10:42:41","modified_gmt":"2021-01-15T15:42:41","slug":"a-travers-souss-launchpad-enactus-accompagne-800-jeunes-dans-le-souss-massa","status":"publish","type":"post","link":"https:\/\/linitiative.ca\/International\/a-travers-souss-launchpad-enactus-accompagne-800-jeunes-dans-le-souss-massa\/","title":{"rendered":"A travers \u00ab Souss Launchpad \u00bb : Enactus accompagne 800 jeunes dans le Souss Massa"},"content":{"rendered":"<header>\n<div class=\"entry-post-meta\">\n<div class=\"author-link\">Publi\u00e9 par <a itemprop=\"author\" itemscope=\"\" itemtype=\"https:\/\/schema.org\/Person\" href=\"https:\/\/aujourdhui.ma\/author\/kaid\" rel=\"author\"><span itemprop=\"name\">ALM<\/span><\/a><\/div>\n<p>Date\u00a0:<time content=\"2021-01-15T16:42:41+01:00\" class=\"entry-date updated\" datetime=\"2021-01-15T16:42:41+01:00\">janvier 15, 2021<\/time><\/p>\n<div class=\"entry-cat\">dans:<a href=\"https:\/\/aujourdhui.ma\/category\/emploi\" rel=\"category tag\">Emploi<\/a>, <a href=\"https:\/\/aujourdhui.ma\/category\/une\" rel=\"category tag\">Une<\/a><\/div>\n<p>22Vues<\/p>\n<\/div>\n<\/header>\n<div class=\"entry-content clearfix\" readability=\"60\"><img decoding=\"async\" class=\"post_layout_5_img\" src=\"http:\/\/aujourdhui.ma\/wp-content\/uploads\/2021\/01\/Souss-Launchpad-Enactus-accompagne-800-jeunes-dans-le-Souss-Massa.jpg\" alt=\"A travers &#xAB; Souss Launchpad &#xBB; : Enactus accompagne 800 jeunes dans le Souss Massa\"\/><\/p>\n<p><span class=\"c6\"><span class=\"c5\"><strong>Am\u00e9liorer l\u2019employabilit\u00e9 et initier 800 jeunes \u00e9tudiants universitaires de la r\u00e9gion a\u0300 l\u2019entrepreneuriat social\u2026<\/strong><\/span><span id=\"more-365696\"\/><\/span><\/p>\n<p>Tel est l\u2019objectif primaire du projet \u00ab Souss Launchpad \u00bb lanc\u00e9 par Enactus en partenariat avec UOPS. Ce projet soutenu par l\u2019Union Europ\u00e9enne \u00e0 travers le programme Moucharaka Mouwatina cible les jeunes \u00e2g\u00e9s entre 18 et 25 ans, porteurs d\u2019id\u00e9es de projets et start-ups ou toute personne souhaitant contribuer, par ses connaissances et comp\u00e9tences, au d\u00e9veloppement local de la r\u00e9gion.<\/p>\n<p>\u00ab La r\u00e9gion Souss-Massa est l\u2019une des r\u00e9gions qui repr\u00e9sentent un fort potentiel entrepreneurial de jeunes. S\u2019associer \u00e0 l\u2019UNOPS pour renforcer notre intervention dans la r\u00e9gion Souss-Massa est certainement une opportunit\u00e9 qui permettra d\u2019accompagner un plus grand nombre de jeunes en un temps record \u00bb, souligne \u00e0 cet effet Maha Ech-chefaa, Directrice Ex\u00e9cutive d\u2019Enactus Morocco.<\/p>\n<p>Il s\u2019agit d\u2019une plateforme de formation et de d\u00e9veloppement d\u00e9di\u00e9e aux jeunes portant sur un programme gratuit de s\u00e9minaires et de formations. La finalit\u00e9 \u00e9tant d\u2019appuyer le d\u00e9veloppement de 40 projets d\u2019entreprises sociales et la cr\u00e9ation et le d\u00e9veloppement de 10 autres. Le programme aboutirait par ailleurs \u00e0 la cr\u00e9ation d\u2019au moins 30 emplois via les entreprises sociales soutenues ainsi qu\u2019\u00e0 l\u2019am\u00e9lioration de la vie d\u2019au moins 300 personnes en leur donnant acc\u00e8s aux produits et services d\u00e9velopp\u00e9s par les entreprises sociales soutenues. Il est \u00e9galement question de connecter les jeunes entrepreneurs au financement, mentorat et expertise.<\/p>\n<p>Le lancement de \u00ab Souss Launchpad \u00bb. Le lancement de ce projet a \u00e9t\u00e9 marqu\u00e9 par l\u2019organisation de huit conf\u00e9rences th\u00e9matiques virtuelles ayant connu la participation d\u2019environ 300 jeunes. L\u2019occasion \u00e9tant de partager les coulisses du quotidien d\u2019un entrepreneur, ses histoires de succ\u00e8s et d\u2019\u00e9checs ainsi que de v\u00e9hiculer des messages inspirants pour ceux qui souhaitent entreprendre.<\/p>\n<\/div>\n<p>Auteur: ALM<br \/>\n<a href=\"https:\/\/aujourdhui.ma\/emploi\/a-travers-souss-launchpad-enactus-accompagne-800-jeunes-dans-le-souss-massa\">Cliquez ici pour lire l&rsquo;article depuis sa source.<\/a><\/p>\n","protected":false},"excerpt":{"rendered":"<p>Publi\u00e9 par ALM Date\u00a0:janvier 15, 2021 dans:Emploi, Une 22Vues Am\u00e9liorer l\u2019employabilit\u00e9 et initier 800 jeunes \u00e9tudiants universitaires de la r\u00e9gion a\u0300 l\u2019entrepreneuriat social\u2026 Tel est l\u2019objectif primaire du projet \u00ab Souss Launchpad \u00bb lanc\u00e9 par Enactus en partenariat avec UOPS. Ce projet soutenu par l\u2019Union Europ\u00e9enne \u00e0 travers le programme Moucharaka Mouwatina cible les jeunes [&hellip;]<\/p>\n","protected":false},"author":1759,"featured_media":0,"comment_status":"closed","ping_status":"closed","sticky":false,"template":"","format":"standard","meta":{"fifu_image_url":"http:\/\/aujourdhui.ma\/wp-content\/uploads\/2021\/01\/Souss-Launchpad-Enactus-accompagne-800-jeunes-dans-le-Souss-Massa.jpg","fifu_image_alt":"A travers \u00ab Souss Launchpad \u00bb : Enactus accompagne 800 jeunes dans le Souss Massa","footnotes":""},"categories":[73,54],"tags":[],"class_list":["post-109334","post","type-post","status-publish","format-standard","hentry","category-actualite","category-maroc"],"_links":{"self":[{"href":"https:\/\/linitiative.ca\/International\/wp-json\/wp\/v2\/posts\/109334","targetHints":{"allow":["GET"]}}],"collection":[{"href":"https:\/\/linitiative.ca\/International\/wp-json\/wp\/v2\/posts"}],"about":[{"href":"https:\/\/linitiative.ca\/International\/wp-json\/wp\/v2\/types\/post"}],"author":[{"embeddable":true,"href":"https:\/\/linitiative.ca\/International\/wp-json\/wp\/v2\/users\/1759"}],"replies":[{"embeddable":true,"href":"https:\/\/linitiative.ca\/International\/wp-json\/wp\/v2\/comments?post=109334"}],"version-history":[{"count":0,"href":"https:\/\/linitiative.ca\/International\/wp-json\/wp\/v2\/posts\/109334\/revisions"}],"wp:attachment":[{"href":"https:\/\/linitiative.ca\/International\/wp-json\/wp\/v2\/media?parent=109334"}],"wp:term":[{"taxonomy":"category","embeddable":true,"href":"https:\/\/linitiative.ca\/International\/wp-json\/wp\/v2\/categories?post=109334"},{"taxonomy":"post_tag","embeddable":true,"href":"https:\/\/linitiative.ca\/International\/wp-json\/wp\/v2\/tags?post=109334"}],"curies":[{"name":"wp","href":"https:\/\/api.w.org\/{rel}","templated":true}]}}