{"id":109339,"date":"2021-01-15T03:39:00","date_gmt":"2021-01-15T08:39:00","guid":{"rendered":"https:\/\/linitiative.ca\/International\/deces-de-cinq-citoyens-dans-lexplosion-dune-bombe-artisanale-a-tebessa\/"},"modified":"2021-01-15T03:39:00","modified_gmt":"2021-01-15T08:39:00","slug":"deces-de-cinq-citoyens-dans-lexplosion-dune-bombe-artisanale-a-tebessa","status":"publish","type":"post","link":"https:\/\/linitiative.ca\/International\/deces-de-cinq-citoyens-dans-lexplosion-dune-bombe-artisanale-a-tebessa\/","title":{"rendered":"D\u00e9c\u00e8s de cinq citoyens dans l&rsquo;explosion d&rsquo;une bombe artisanale \u00e0 T\u00e9bessa"},"content":{"rendered":"<div id=\"originalText\" readability=\"63\">\n<p>Cinq citoyens sont d\u00e9c\u00e9d\u00e9s et trois \u00a0autres ont \u00e9t\u00e9 bless\u00e9s, jeudi, suite \u00e0 l&rsquo;explosion d&rsquo;une bombe de confection artisanale, lors du passage de leur v\u00e9hicule utilitaire \u00e0 Oued Khenig-Roum, pr\u00e8s de la commune de Telidjane, dans la wilaya de T\u00e9bessa a annonc\u00e9 le minist\u00e8re de la d\u00e9fense nationale dans un communiqu\u00e9 publi\u00e9 sur son portail \u00e9lectronique.<\/p>\n<p>Par ailleurs, et suite \u00e0 une embuscade tendue \u00e0 Oued Boudekhane, au Sud-ouest de Guentis, dans la wilaya de Khenchela, en 5e R\u00e9gion Militaire, un d\u00e9tachement de l\u2019Arm\u00e9e Nationale Populaire a abattu, jeudi apr\u00e8s-midi, un terroriste et a r\u00e9cup\u00e9r\u00e9 un pistolet mitrailleur de type RPK, trois chargeurs garnis de munitions, un poste de transmission radio et deux t\u00e9l\u00e9phones portables, selon la m\u00eame source.<\/p>\n<p>\u00ab\u00a0Cette op\u00e9ration, toujours en cours, s&rsquo;inscrit dans la dynamique des r\u00e9sultats qualitatifs r\u00e9alis\u00e9s par nos Forces Arm\u00e9es, afin d&rsquo;assainir notre Pays du fl\u00e9au du terrorisme et d&rsquo;asseoir la s\u00e9curit\u00e9 et la qui\u00e9tude \u00e0 travers l&rsquo;ensemble du territoire nationale\u00a0\u00bb, indique le communiqu\u00e9.<\/p>\n<p class=\"c6\"><strong>R\u00e9daction Web<\/strong><\/p>\n<\/div>\n<div id=\"text_core\" readability=\"63\">\n<p>Cinq citoyens sont d\u00e9c\u00e9d\u00e9s et trois \u00a0autres ont \u00e9t\u00e9 bless\u00e9s, jeudi, suite \u00e0 l&rsquo;explosion d&rsquo;une bombe de confection artisanale, lors du passage de leur v\u00e9hicule utilitaire \u00e0 Oued Khenig-Roum, pr\u00e8s de la commune de Telidjane, dans la wilaya de T\u00e9bessa a annonc\u00e9 le minist\u00e8re de la d\u00e9fense nationale dans un communiqu\u00e9 publi\u00e9 sur son portail \u00e9lectronique.<\/p>\n<p>Par ailleurs, et suite \u00e0 une embuscade tendue \u00e0 Oued Boudekhane, au Sud-ouest de Guentis, dans la wilaya de Khenchela, en 5e R\u00e9gion Militaire, un d\u00e9tachement de l\u2019Arm\u00e9e Nationale Populaire a abattu, jeudi apr\u00e8s-midi, un terroriste et a r\u00e9cup\u00e9r\u00e9 un pistolet mitrailleur de type RPK, trois chargeurs garnis de munitions, un poste de transmission radio et deux t\u00e9l\u00e9phones portables, selon la m\u00eame source.<\/p>\n<p>\u00ab\u00a0Cette op\u00e9ration, toujours en cours, s&rsquo;inscrit dans la dynamique des r\u00e9sultats qualitatifs r\u00e9alis\u00e9s par nos Forces Arm\u00e9es, afin d&rsquo;assainir notre Pays du fl\u00e9au du terrorisme et d&rsquo;asseoir la s\u00e9curit\u00e9 et la qui\u00e9tude \u00e0 travers l&rsquo;ensemble du territoire nationale\u00a0\u00bb, indique le communiqu\u00e9.<\/p>\n<p class=\"c6\"><strong>R\u00e9daction Web<\/strong><\/p>\n<\/div>\n<p>Auteur:<br \/>\n<a href=\"https:\/\/www.liberte-algerie.com\/actualite\/deces-de-cinq-citoyens-dans-lexplosion-dune-bombe-artisanale-a-tebessa-352435\">Cliquez ici pour lire l&rsquo;article depuis sa source.<\/a><\/p>\n","protected":false},"excerpt":{"rendered":"<p>Cinq citoyens sont d\u00e9c\u00e9d\u00e9s et trois \u00a0autres ont \u00e9t\u00e9 bless\u00e9s, jeudi, suite \u00e0 l&rsquo;explosion d&rsquo;une bombe de confection artisanale, lors du passage de leur v\u00e9hicule utilitaire \u00e0 Oued Khenig-Roum, pr\u00e8s de la commune de Telidjane, dans la wilaya de T\u00e9bessa a annonc\u00e9 le minist\u00e8re de la d\u00e9fense nationale dans un communiqu\u00e9 publi\u00e9 sur son portail [&hellip;]<\/p>\n","protected":false},"author":1742,"featured_media":0,"comment_status":"closed","ping_status":"closed","sticky":false,"template":"","format":"standard","meta":{"fifu_image_url":"","fifu_image_alt":"","footnotes":""},"categories":[73,53],"tags":[],"class_list":["post-109339","post","type-post","status-publish","format-standard","hentry","category-actualite","category-algerie"],"_links":{"self":[{"href":"https:\/\/linitiative.ca\/International\/wp-json\/wp\/v2\/posts\/109339","targetHints":{"allow":["GET"]}}],"collection":[{"href":"https:\/\/linitiative.ca\/International\/wp-json\/wp\/v2\/posts"}],"about":[{"href":"https:\/\/linitiative.ca\/International\/wp-json\/wp\/v2\/types\/post"}],"author":[{"embeddable":true,"href":"https:\/\/linitiative.ca\/International\/wp-json\/wp\/v2\/users\/1742"}],"replies":[{"embeddable":true,"href":"https:\/\/linitiative.ca\/International\/wp-json\/wp\/v2\/comments?post=109339"}],"version-history":[{"count":0,"href":"https:\/\/linitiative.ca\/International\/wp-json\/wp\/v2\/posts\/109339\/revisions"}],"wp:attachment":[{"href":"https:\/\/linitiative.ca\/International\/wp-json\/wp\/v2\/media?parent=109339"}],"wp:term":[{"taxonomy":"category","embeddable":true,"href":"https:\/\/linitiative.ca\/International\/wp-json\/wp\/v2\/categories?post=109339"},{"taxonomy":"post_tag","embeddable":true,"href":"https:\/\/linitiative.ca\/International\/wp-json\/wp\/v2\/tags?post=109339"}],"curies":[{"name":"wp","href":"https:\/\/api.w.org\/{rel}","templated":true}]}}