{"id":109341,"date":"2021-01-14T13:17:11","date_gmt":"2021-01-14T18:17:11","guid":{"rendered":"https:\/\/linitiative.ca\/International\/arts-culture-week-end-dessine-moi-marrakech\/"},"modified":"2021-01-14T13:17:11","modified_gmt":"2021-01-14T18:17:11","slug":"arts-culture-week-end-dessine-moi-marrakech","status":"publish","type":"post","link":"https:\/\/linitiative.ca\/International\/arts-culture-week-end-dessine-moi-marrakech\/","title":{"rendered":"Arts &amp; Culture Week-End :  Dessine-moi Marrakech"},"content":{"rendered":"<div class=\"dnd-atom-wrapper type-image context-sdl_editor_representation atom-align-right\" contenteditable=\"false\">\n<div class=\"dnd-drop-wrapper\">\n<div class=\"image\"><img loading=\"lazy\" decoding=\"async\" typeof=\"foaf:Image\" class=\"img-responsive\" src=\"https:\/\/www.leconomiste.com\/sites\/default\/files\/eco7\/public\/thumbnails\/image\/marrakech-026.jpg\" width=\"425\" height=\"310\" alt=\"marrakech-026.jpg\" title=\"marrakech-026.jpg\"\/><\/div>\n<\/div>\n<\/div>\n<p class=\"rtejustify\">C\u2019est une fort jolie invitation \u00e0 une ballade historique, culturelle et touristique. Un carnet de voyage \u00e0 travers la ville ocre, illustr\u00e9 d\u2019aquarelles de l\u2019artiste Abdelaziz Abbassi aux \u00e9ditions Oasiria. Le \u00abbeau livret\u00bb se lit comme une chronique graphique et emm\u00e8ne le voyageur, avec beaucoup d\u2019humour, \u00e0 travers des sc\u00e8nes de la vie de tous les jours ainsi que son architecture, son histoire et la diversit\u00e9 \u00e9tonnante de ses paysages. On y apprend que les remparts de la ville, fond\u00e9e vers l\u2019an 1130, par les Almohades, sont flanqu\u00e9s de 202 tours qui encerclent la ville sur 19 km et poss\u00e8dent plus de 20 portes.<\/p>\n<p class=\"rtejustify\">Bab Agnaou, bab Debbagh, bab Gmat, bab Rob, \u00e0 chacun des acc\u00e8s son histoire. On y d\u00e9couvre \u00e9galement les diff\u00e9rents m\u00e9tiers d\u2019artisans qui perp\u00e9tuent les plus vieux m\u00e9tiers et enchantent les visiteurs par leurs savoir-faire, les fascinants palais, les jardins qui ponctuent de vert les tons ocres de la ville ainsi que les prestigieux mus\u00e9es qui font de Marrakech l\u2019une des villes les plus embl\u00e9matiques du monde.<\/p>\n<p class=\"rtejustify\">\u00a0 Mais Marrakech c\u2019est aussi une ville grouillante, o\u00f9 l\u2019on peut croiser des familles enti\u00e8res sur une mobylette, des \u00abkaroussa\u00bb et des triporteurs sillonner les ruelles de sa m\u00e9dina et des cal\u00e8ches qui vous embarquent dans des promenades enchanteresses. Le livre fait \u00e9galement un petit d\u00e9tour dans les environs de la ville pour une petite excursion sur les rives du barrage Lalla Takerkoust, la vall\u00e9e de l\u2019Ourika ou encore le mont Toubkal.<\/p>\n<p class=\"rtejustify\">Les dessins offrent une jolie palette de couleurs, o\u00f9 dominent les tons ocres, le brou de noix, le vert et le bleu de Majorelle, le tout avec une profusion de d\u00e9tails caract\u00e9ristique du travail de l\u2019artiste. Dessinateur et aquarelliste de talent, Abdelaziz Abbassi manie pinceau, plume, plume de roseau, collage et tressage, avec une richesse graphique caract\u00e9ris\u00e9e par une touche d\u2019humour et une l\u00e9g\u00e8re critique de la soci\u00e9t\u00e9 marocaine. Les \u0153uvres d\u2019Abbassi sont souvent de petits et moyens formats et les sujets ne sont que pr\u00e9textes pour des d\u00e9tournements de sens et d\u2019interpr\u00e9tations.<\/p>\n<p class=\"rtejustify\">N\u00e9 en 1957 \u00e0 B\u00e9ni Mellal, artiste et professeur d\u2019arts plastiques \u00e0 la retraite, Abdelaziz Abbassi a expos\u00e9 ses premiers dessins en blanc et noir, \u00e0 l\u2019encre de Chine en 1988 \u00e0 Fkih ben Salah. Ce sera le d\u00e9but de sa p\u00e9riode pointilliste avec des \u0153uvres r\u00e9alis\u00e9es \u00e0 l\u2019encre en noir et blanc.<\/p>\n<p class=\"rtejustify\">Apr\u00e8s la p\u00e9riode pointilliste suit la p\u00e9riode brune, le monochrome du brou de noix: de 1997 \u00e0 2000.\u00a0 Enfin \u00e0 partir de 2002, Abbassi fait entrer les couleurs petit \u00e0 petit dans son univers artistique avec la \u00abp\u00e9riode graphique\u00bb comme il la d\u00e9finit lui-m\u00eame. D\u2019autres expositions vont suivre, individuelles et collectives, dans plusieurs villes du Maroc et \u00e0 l\u2019\u00e9tranger. Il a illustr\u00e9 des livres de po\u00e9sie, des couvertures de livres, des contes et des carnets de voyages.<\/p>\n<p class=\"rtejustify\"><em>A.Bo<\/em><\/p>\n<p class=\"rtejustify\">\u00a0<\/p>\n<p>Auteur: hlafriqi<br \/>\n<a href=\"https:\/\/www.leconomiste.com\/article\/1072015-arts-culture-week-end-dessine-moi-marrakech\">Cliquez ici pour lire l&rsquo;article depuis sa source.<\/a><\/p>\n","protected":false},"excerpt":{"rendered":"<p>C\u2019est une fort jolie invitation \u00e0 une ballade historique, culturelle et touristique. Un carnet de voyage \u00e0 travers la ville ocre, illustr\u00e9 d\u2019aquarelles de l\u2019artiste Abdelaziz Abbassi aux \u00e9ditions Oasiria. Le \u00abbeau livret\u00bb se lit comme une chronique graphique et emm\u00e8ne le voyageur, avec beaucoup d\u2019humour, \u00e0 travers des sc\u00e8nes de la vie de tous [&hellip;]<\/p>\n","protected":false},"author":1763,"featured_media":0,"comment_status":"closed","ping_status":"closed","sticky":false,"template":"","format":"standard","meta":{"fifu_image_url":"https:\/\/www.leconomiste.com\/sites\/default\/files\/eco7\/public\/thumbnails\/image\/marrakech-026.jpg","fifu_image_alt":"<div>Arts & Culture Week-End :  Dessine-moi Marrakech<\/div>","footnotes":""},"categories":[78,54],"tags":[],"class_list":["post-109341","post","type-post","status-publish","format-standard","hentry","category-economie","category-maroc"],"_links":{"self":[{"href":"https:\/\/linitiative.ca\/International\/wp-json\/wp\/v2\/posts\/109341","targetHints":{"allow":["GET"]}}],"collection":[{"href":"https:\/\/linitiative.ca\/International\/wp-json\/wp\/v2\/posts"}],"about":[{"href":"https:\/\/linitiative.ca\/International\/wp-json\/wp\/v2\/types\/post"}],"author":[{"embeddable":true,"href":"https:\/\/linitiative.ca\/International\/wp-json\/wp\/v2\/users\/1763"}],"replies":[{"embeddable":true,"href":"https:\/\/linitiative.ca\/International\/wp-json\/wp\/v2\/comments?post=109341"}],"version-history":[{"count":0,"href":"https:\/\/linitiative.ca\/International\/wp-json\/wp\/v2\/posts\/109341\/revisions"}],"wp:attachment":[{"href":"https:\/\/linitiative.ca\/International\/wp-json\/wp\/v2\/media?parent=109341"}],"wp:term":[{"taxonomy":"category","embeddable":true,"href":"https:\/\/linitiative.ca\/International\/wp-json\/wp\/v2\/categories?post=109341"},{"taxonomy":"post_tag","embeddable":true,"href":"https:\/\/linitiative.ca\/International\/wp-json\/wp\/v2\/tags?post=109341"}],"curies":[{"name":"wp","href":"https:\/\/api.w.org\/{rel}","templated":true}]}}