{"id":109342,"date":"2021-01-14T13:22:59","date_gmt":"2021-01-14T18:22:59","guid":{"rendered":"https:\/\/linitiative.ca\/International\/arts-culture-week-end-culture-en-vrac\/"},"modified":"2021-01-14T13:22:59","modified_gmt":"2021-01-14T18:22:59","slug":"arts-culture-week-end-culture-en-vrac","status":"publish","type":"post","link":"https:\/\/linitiative.ca\/International\/arts-culture-week-end-culture-en-vrac\/","title":{"rendered":"Arts &amp; Culture Week-End: Culture en vrac"},"content":{"rendered":"<p class=\"rtejustify\"><strong>\u25a0 Po\u00e9sie de femmes (Photo Sahara. PH DR)<\/strong><\/p>\n<div class=\"dnd-atom-wrapper type-image context-sdl_editor_representation atom-align-right\" contenteditable=\"false\">\n<div class=\"dnd-drop-wrapper\">\n<div class=\"image\"><img loading=\"lazy\" decoding=\"async\" typeof=\"foaf:Image\" class=\"img-responsive\" src=\"https:\/\/www.leconomiste.com\/sites\/default\/files\/eco7\/public\/thumbnails\/image\/poesie-de-femmes-026.jpg\" width=\"283\" height=\"161\" alt=\"poesie-de-femmes-026.jpg\" title=\"poesie-de-femmes-026.jpg\"\/><\/div>\n<\/div>\n<\/div>\n<p class=\"rtejustify\">C\u2019est un ouvrage s\u00e9lectionnant pr\u00e8s d\u2019une centaine de po\u00e8mes de femmes du Sahara. Ces couplets traditionnels sp\u00e9cifiques aux femmes nomm\u00e9s \u00abTtebra\u00e2\u00bb. Un projet collectif, port\u00e9 par l\u2019Acad\u00e9mie du royaume du Maroc visant \u00e0 r\u00e9unir, transcrire, traduire et enregistrer un corpus oral constituant une partie de la culture des provinces du Sud du Royaume. La nouvelle publication intitul\u00e9e \u00abTebra\u00e2, la po\u00e9sie f\u00e9minine hassanie\u00bb, comprend un total de 260 pages (grand format) pr\u00e9sentant une s\u00e9lection de cent et un po\u00e8mes, et un Code \u00abQR\u00bb, donnant la possibilit\u00e9 aux lecteurs d\u2019acc\u00e9der aux po\u00e8mes d\u00e9clam\u00e9s par une po\u00e9tesse sur fond de musique hassanie. L\u2019ouvrage est assorti d\u2019un enregistrement audio avec une r\u00e9citation des cent et un po\u00e8mes, accompagn\u00e9e de la \u00abtidin\u00eet\u00bb, l\u2019instrument traditionnel de la musique hassanie. Le livre comprend des \u00abTebra\u00e2s\u00bb en hassani avec des traductions en arabe et en fran\u00e7ais, et des photos en guise d\u2019illustration. Paru aux \u00e9ditions \u00abBouillon de culture\u00bb, la coordination du livre a \u00e9t\u00e9 assur\u00e9e par Rahal Boubrik, l\u2019introduction r\u00e9dig\u00e9e par Catherine Taine-Cheikh, la traduction r\u00e9alis\u00e9e par A\u00efchetou Mint Ahmedou, tandis que le corpus a \u00e9t\u00e9 collect\u00e9 par Aziza Aguida.<\/p>\n<p class=\"rtejustify\"><strong>\u25a0 Artistes r\u00e9unis (Photo logo)<\/strong><\/p>\n<div class=\"dnd-atom-wrapper type-image context-sdl_editor_representation atom-align-right\" contenteditable=\"false\">\n<div class=\"dnd-drop-wrapper\">\n<div class=\"image\"><img loading=\"lazy\" decoding=\"async\" typeof=\"foaf:Image\" class=\"img-responsive\" src=\"https:\/\/www.leconomiste.com\/sites\/default\/files\/eco7\/public\/thumbnails\/image\/artistes-reunis-026.jpg\" width=\"227\" height=\"204\" alt=\"artistes-reunis-026.jpg\" title=\"artistes-reunis-026.jpg\"\/><\/div>\n<\/div>\n<\/div>\n<p class=\"rtejustify\">Chronique est une s\u00e9rie d\u2019expositions d\u2019art contemporain propos\u00e9e par le Palmeraie Rotana resort de Marrakech. Pour la premi\u00e8re \u00e9dition de \u00abEx. Art contemporain\u00bb, le commissaire de l\u2019exposition Thierry Garcia a r\u00e9uni une quinzaine d\u2019artistes d\u2019univers diff\u00e9rents, dont Wafaa Mezouar, Nouredine Fathi, Karim Tabit, Ahmed Elamine\u2026 pour une centaine d\u2019\u0153uvres. Le curateur propose une exposition en trois th\u00e8mes, sur trois sites du resort entre une introspection cr\u00e9ative de la p\u00e9riode Covid, une intimit\u00e9 d\u00e9voil\u00e9e et un espace d\u00e9di\u00e9 \u00e0 la sculpture.<\/p>\n<p class=\"rtejustify\"><strong>\u25a0 Ibn Battouta en BD (Photo Batuta. PH DR)<\/strong><\/p>\n<div class=\"dnd-atom-wrapper type-image context-sdl_editor_representation atom-align-right\" contenteditable=\"false\">\n<div class=\"dnd-drop-wrapper\">\n<div class=\"image\"><img loading=\"lazy\" decoding=\"async\" typeof=\"foaf:Image\" class=\"img-responsive\" src=\"https:\/\/www.leconomiste.com\/sites\/default\/files\/eco7\/public\/thumbnails\/image\/ibn-battouta-en-bd-026.jpg\" width=\"340\" height=\"178\" alt=\"ibn-battouta-en-bd-026.jpg\" title=\"ibn-battouta-en-bd-026.jpg\"\/><\/div>\n<\/div>\n<\/div>\n<p class=\"rtejustify\">Quand Ibn Batt\u00fbta revient \u00e0 F\u00e8s au Maroc, il rentre d\u2019un p\u00e9riple qui aura dur\u00e9 29 ans. Un p\u00e8lerinage \u00e0 La Mecque en 1325 a ainsi conduit l\u2019aventurier aux quatre coins du monde, en Afrique, en Espagne, en Inde, des Maldives, jusqu\u2019en Chine. C\u2019est ce p\u00e9riple extraordinaire que raconte cet ouvrage en bande dessin\u00e9e. Le parcours du fabuleux p\u00e8lerin est sc\u00e9naris\u00e9 par l\u2019auteur tang\u00e9rois Lotfi Akalay et illustr\u00e9 par Jo\u00ebl Alessandra, tous deux auteurs de l\u2019album \u00abLes Voyages d\u2019Ibn Batt\u00fbta \u00bb chez Aire Libre. A l\u2019occasion, une exposition des planches est organis\u00e9e par l\u2019Institut fran\u00e7ais de Marrakech jusqu\u2019au 31 janvier 2021. En 1998, le journaliste et \u00e9crivain marocain Lotfi Akalay avait d\u00e9j\u00e0 consacr\u00e9 un livre \u00e0 l\u2019explorateur, qu\u2019il consid\u00e8re comme \u00able premier touriste du monde\u00bb. Il y d\u00e9cortiquait les controverses autour du texte, en r\u00e9v\u00e9lant les modalit\u00e9s de circulation dans le monde musulman de l\u2019\u00e9poque. La bande dessin\u00e9e a ouvert de nouvelles portes \u00e0 ses ambitions. La mise en abyme du r\u00e9cit original par le dessinateur du point de vue d\u2019Ibn Batt\u00fbta cr\u00e9e l\u2019illusion d\u2019un carnet de voyage, \u00e9tape par \u00e9tape, alternant croquis et planches \u00e0 l\u2019aquarelle. Un p\u00e9riple tout en lumi\u00e8re qui m\u00eale le r\u00e9alisme historique et l\u2019onirisme du conte.<\/p>\n<p class=\"rtejustify\">\u00a0<\/p>\n<p>Auteur: hlafriqi<br \/>\n<a href=\"https:\/\/www.leconomiste.com\/article\/1072016-arts-culture-week-end-culture-en-vrac\">Cliquez ici pour lire l&rsquo;article depuis sa source.<\/a><\/p>\n","protected":false},"excerpt":{"rendered":"<p>\u25a0 Po\u00e9sie de femmes (Photo Sahara. PH DR) C\u2019est un ouvrage s\u00e9lectionnant pr\u00e8s d\u2019une centaine de po\u00e8mes de femmes du Sahara. Ces couplets traditionnels sp\u00e9cifiques aux femmes nomm\u00e9s \u00abTtebra\u00e2\u00bb. Un projet collectif, port\u00e9 par l\u2019Acad\u00e9mie du royaume du Maroc visant \u00e0 r\u00e9unir, transcrire, traduire et enregistrer un corpus oral constituant une partie de la culture [&hellip;]<\/p>\n","protected":false},"author":1763,"featured_media":0,"comment_status":"closed","ping_status":"closed","sticky":false,"template":"","format":"standard","meta":{"fifu_image_url":"https:\/\/www.leconomiste.com\/sites\/default\/files\/eco7\/public\/thumbnails\/image\/poesie-de-femmes-026.jpg","fifu_image_alt":"<div>Arts & Culture Week-End: Culture en vrac<\/div>","footnotes":""},"categories":[78,54],"tags":[],"class_list":["post-109342","post","type-post","status-publish","format-standard","hentry","category-economie","category-maroc"],"_links":{"self":[{"href":"https:\/\/linitiative.ca\/International\/wp-json\/wp\/v2\/posts\/109342","targetHints":{"allow":["GET"]}}],"collection":[{"href":"https:\/\/linitiative.ca\/International\/wp-json\/wp\/v2\/posts"}],"about":[{"href":"https:\/\/linitiative.ca\/International\/wp-json\/wp\/v2\/types\/post"}],"author":[{"embeddable":true,"href":"https:\/\/linitiative.ca\/International\/wp-json\/wp\/v2\/users\/1763"}],"replies":[{"embeddable":true,"href":"https:\/\/linitiative.ca\/International\/wp-json\/wp\/v2\/comments?post=109342"}],"version-history":[{"count":0,"href":"https:\/\/linitiative.ca\/International\/wp-json\/wp\/v2\/posts\/109342\/revisions"}],"wp:attachment":[{"href":"https:\/\/linitiative.ca\/International\/wp-json\/wp\/v2\/media?parent=109342"}],"wp:term":[{"taxonomy":"category","embeddable":true,"href":"https:\/\/linitiative.ca\/International\/wp-json\/wp\/v2\/categories?post=109342"},{"taxonomy":"post_tag","embeddable":true,"href":"https:\/\/linitiative.ca\/International\/wp-json\/wp\/v2\/tags?post=109342"}],"curies":[{"name":"wp","href":"https:\/\/api.w.org\/{rel}","templated":true}]}}