{"id":109343,"date":"2021-01-14T13:25:24","date_gmt":"2021-01-14T18:25:24","guid":{"rendered":"https:\/\/linitiative.ca\/International\/arts-culture-week-end-si-le-monde-arabe-metait-conte\/"},"modified":"2021-01-14T13:25:24","modified_gmt":"2021-01-14T18:25:24","slug":"arts-culture-week-end-si-le-monde-arabe-metait-conte","status":"publish","type":"post","link":"https:\/\/linitiative.ca\/International\/arts-culture-week-end-si-le-monde-arabe-metait-conte\/","title":{"rendered":"Arts &amp; Culture Week-End: Si le monde arabe m\u2019\u00e9tait cont\u00e9"},"content":{"rendered":"<div class=\"dnd-atom-wrapper type-image context-sdl_editor_representation atom-align-right\" contenteditable=\"false\">\n<div class=\"dnd-drop-wrapper\">\n<div class=\"image\"><img loading=\"lazy\" decoding=\"async\" typeof=\"foaf:Image\" class=\"img-responsive\" src=\"https:\/\/www.leconomiste.com\/sites\/default\/files\/eco7\/public\/thumbnails\/image\/araborama-026.jpg\" width=\"311\" height=\"397\" alt=\"araborama-026.jpg\" title=\"araborama-026.jpg\"\/><\/div>\n<\/div>\n<\/div>\n<p class=\"rtejustify\">L\u2019Institut du monde arabe et la maison d\u2019\u00e9dition le Seuil lancent la collection \u00ab Araborama \u00bb pour d\u00e9crypter les mondes arabes et mieux les saisir dans leur vitalit\u00e9, leur inventivit\u00e9 et leur pluralit\u00e9. Une s\u00e9rie d\u2019ouvrages qui accueillent chercheurs, journalistes, artistes, \u00e9crivains, intellectuels, linguistes, dessinateurs\u2026 qui racontent et rendent compte des changements en cours dans l\u2019espace arabe contemporain.<\/p>\n<p class=\"rtejustify\">Dans le catalogue de la collection, deux ouvrages, le premier livre pose une question primordiale : le monde arabe existe-t-il (encore) ? A-t-il jamais exist\u00e9 ? De quoi est-il le nom ? La notion a-t-elle encore un sens? Et lequel ? Selon les \u00e9diteurs \u00ab Se poser la question du, ou plut\u00f4t des mondes arabes, c\u2019est articuler les trois grands axes qui fondent son identit\u00e9, ses identit\u00e9s, et font l\u2019ossature de ce livre : ses histoires plurielles, depuis les panarabismes jusqu\u2019aux califats ; ses fa\u00e7ons de vivre, ses religions, langues et cultures ; ses espaces et ses limites, ses fronti\u00e8res et ses lignes de fracture : tout cela est interrog\u00e9 dans cet ouvrage \u00bb.<\/p>\n<p class=\"rtejustify\">La d\u00e9marche a notamment pour int\u00e9r\u00eat d\u2019offrir aux n\u00e9ophytes comme au \u00ab grand public cultiv\u00e9 \u00bb un ensemble de connaissances pluridisciplinaires, gr\u00e2ce \u00e0 une grande vari\u00e9t\u00e9 de sujets rarement abord\u00e9s dans les m\u00e9dias. Dans la deuxi\u00e8me publication, c\u2019est du sujet des \u00ab r\u00e9volutions arabes \u00bb que les auteurs se sont empar\u00e9s \u00e0 l\u2019occasion du 10e anniversaire des soul\u00e8vements de 2011.\u00a0 Ont particip\u00e9 \u00e0 ce nouveau num\u00e9ro plusieurs personnalit\u00e9s de monde arabe et d\u2019ailleurs.<\/p>\n<p class=\"rtejustify\">On retrouve notamment Zakya Daoud, Leila Slimani, Leila Shahid, Abdellah Ta\u00efa, Christophe Ayad, Bertrand Badie et bien d\u2019autres ! Il s\u2019agit\u00a0 pour les contributeurs de lire cette s\u00e9quence de dix ann\u00e9es, avec ses temps forts, ses victoires et ses \u00e9checs tragiques, ses r\u00e9percussions, ses r\u00e9pliques. Il s\u2019agit d\u2019entendre et de comprendre ses mots et ses slogans (\u00abdignit\u00e9\u00bb, \u00abd\u00e9gage\u00bb, \u00ab\u00e0 bas le syst\u00e8me\u00bb, \u00able peuple\u00bb, etc), mais aussi de revenir sur une histoire longue de la r\u00e9volution dans le monde arabe (r\u00e9volution alg\u00e9rienne, influences de la R\u00e9volution fran\u00e7aise, r\u00e9volution wahhabite, par exemple).<\/p>\n<p class=\"rtejustify\">Analyses, t\u00e9moignages, textes litt\u00e9raires, entretiens, enqu\u00eates et illustrations ; au f\u00e9minin comme au masculin, historiens, philosophes, \u00e9crivains, journalistes, militants, artistes et cr\u00e9ateurs, b\u00e2tisseurs du monde arabe, tous livrent, avec une grande libert\u00e9 de ton et dans une tr\u00e8s stimulante vari\u00e9t\u00e9 de registres, leurs lectures des mondes arabes en r\u00e9volution.<\/p>\n<p class=\"rtejustify\">\u00a0<\/p>\n<p class=\"rtejustify\">\u00a0<\/p>\n<p>Auteur: hlafriqi<br \/>\n<a href=\"https:\/\/www.leconomiste.com\/article\/1072017-arts-culture-week-end-si-le-monde-arabe-m-etait-conte\">Cliquez ici pour lire l&rsquo;article depuis sa source.<\/a><\/p>\n","protected":false},"excerpt":{"rendered":"<p>L\u2019Institut du monde arabe et la maison d\u2019\u00e9dition le Seuil lancent la collection \u00ab Araborama \u00bb pour d\u00e9crypter les mondes arabes et mieux les saisir dans leur vitalit\u00e9, leur inventivit\u00e9 et leur pluralit\u00e9. Une s\u00e9rie d\u2019ouvrages qui accueillent chercheurs, journalistes, artistes, \u00e9crivains, intellectuels, linguistes, dessinateurs\u2026 qui racontent et rendent compte des changements en cours dans [&hellip;]<\/p>\n","protected":false},"author":1763,"featured_media":0,"comment_status":"closed","ping_status":"closed","sticky":false,"template":"","format":"standard","meta":{"fifu_image_url":"https:\/\/www.leconomiste.com\/sites\/default\/files\/eco7\/public\/thumbnails\/image\/araborama-026.jpg","fifu_image_alt":"<div>Arts & Culture Week-End: Si le monde arabe m\u2019\u00e9tait cont\u00e9<\/div>","footnotes":""},"categories":[78,54],"tags":[],"class_list":["post-109343","post","type-post","status-publish","format-standard","hentry","category-economie","category-maroc"],"_links":{"self":[{"href":"https:\/\/linitiative.ca\/International\/wp-json\/wp\/v2\/posts\/109343","targetHints":{"allow":["GET"]}}],"collection":[{"href":"https:\/\/linitiative.ca\/International\/wp-json\/wp\/v2\/posts"}],"about":[{"href":"https:\/\/linitiative.ca\/International\/wp-json\/wp\/v2\/types\/post"}],"author":[{"embeddable":true,"href":"https:\/\/linitiative.ca\/International\/wp-json\/wp\/v2\/users\/1763"}],"replies":[{"embeddable":true,"href":"https:\/\/linitiative.ca\/International\/wp-json\/wp\/v2\/comments?post=109343"}],"version-history":[{"count":0,"href":"https:\/\/linitiative.ca\/International\/wp-json\/wp\/v2\/posts\/109343\/revisions"}],"wp:attachment":[{"href":"https:\/\/linitiative.ca\/International\/wp-json\/wp\/v2\/media?parent=109343"}],"wp:term":[{"taxonomy":"category","embeddable":true,"href":"https:\/\/linitiative.ca\/International\/wp-json\/wp\/v2\/categories?post=109343"},{"taxonomy":"post_tag","embeddable":true,"href":"https:\/\/linitiative.ca\/International\/wp-json\/wp\/v2\/tags?post=109343"}],"curies":[{"name":"wp","href":"https:\/\/api.w.org\/{rel}","templated":true}]}}