{"id":109349,"date":"2021-01-14T18:41:23","date_gmt":"2021-01-14T23:41:23","guid":{"rendered":"https:\/\/linitiative.ca\/International\/comment-le-coronavirus-a-bouleverse-nos-habitudes\/"},"modified":"2021-01-14T18:41:23","modified_gmt":"2021-01-14T23:41:23","slug":"comment-le-coronavirus-a-bouleverse-nos-habitudes","status":"publish","type":"post","link":"https:\/\/linitiative.ca\/International\/comment-le-coronavirus-a-bouleverse-nos-habitudes\/","title":{"rendered":"Comment le coronavirus a boulevers\u00e9 nos habitudes ?"},"content":{"rendered":"<p><strong><span class=\"c3\"><span class=\"c2\">Le Temps &#8211; Kamel BOUAOUINA<\/span><\/span><\/strong><\/p>\n<p><span class=\"c3\"><span class=\"c2\">La crise sanitaire li\u00e9e \u00e0 la pand\u00e9mie de Covid-19, a boulevers\u00e9 les vies et les habitudes. Elle a favoris\u00e9 un changement significatif dans notre fa\u00e7on de manger, de consommer et de vivre. Cette crise a un impact sur toutes les dimensions de nos vies : la sant\u00e9 publique, le monde du travail, les interactions sociales, le d\u00e9bat politique, l\u2019usage des espaces publics, l\u2019\u00e9conomie, l\u2019environnement, et la vie culturelle. Le Covid-19 frappe tr\u00e8s s\u00e9v\u00e8rement.<\/span><\/span><\/p>\n<p><span class=\"c3\"><span class=\"c2\">Nouvelles envies, changement de mode de vie, remise en question de notre rapport au monde et \u00e0 la soci\u00e9t\u00e9 actuelle&#8230; Est-ce l\u00e0 le d\u00e9but d&rsquo;une nouvelle vie pour chacun d&rsquo;entre nous ? La pand\u00e9mie a remis en question beaucoup de nos acquis. Pour cha- cun d\u2019entre nous \u00e0 travers le pays, la vie quotidienne s\u2019est transform\u00e9e d\u2019une mani\u00e8re que nous n\u2019aurions jamais envisag\u00e9e. Nous avons d\u00fb rapidement changer nos habitudes afin de pr\u00e9server notre sant\u00e9, celle de nos proches, de nos voisins et du reste du monde. Coupure avec le monde ext\u00e9rieur Moins de contact avec le monde ext\u00e9rieur, les amis et l\u2019entourage familial. Henda m\u00e8re au foyer ne sort plus \u00ab Heureusement, je vis avec ma famille. Je t\u00e9l\u00e9phone \u00e0 ma m\u00e8re, souvent maintenant, beaucoup plus qu\u2019avant Corona, en fait tous les jours, parfois m\u00eame deux fois. Je m\u2019occupe autant que possible. En plus je regarde des \u00e9missions dans lesquelles un sujet est abord\u00e9. Au fond, je pense qu\u2019il faut aussi voir le c\u00f4t\u00e9 positif de cette situation extraordinaire, par exemple que notre vie quotidienne est moins stressante maintenant \u00bb, dit-elle Nadia essaie de meubler son temps en pratiquant le sport et les randonn\u00e9es. \u00ab Normalement, je ne reste pas seulement \u00e0 la maison, je fais de la marche et la natation presque tous les jours dans oublier les randonn\u00e9es. Quand on est habitu\u00e9 \u00e0 cela, on s\u2019ennuie tr\u00e8s vite chez soi, je ne sais parfois pas quoi faire de mon temps. Je n\u2019ai de contacts t\u00e9l\u00e9phoniques qu\u2019avec mes amis et ma famille. Je recommande aux autres de penser positivement, ce temps passera. Le monde va lentement revenir \u00e0 la normale et nous pourrons alors nous revoir et nous prendre dans nos bras, ce qui le rendra d\u2019autant plus beau. Nous devons rester optimistes ! \u00bb. Notre mani\u00e8re de consommer \u00e0 changer. \u00ab Depuis l\u2019apparition du Covid, les choses ont commenc\u00e9 \u00e0 changer. Alors j\u2019ai pens\u00e9 que la premi\u00e8re chose \u00e0 faire \u00e9tait de renforcer son propre syst\u00e8me immunitaire, afin d\u2019affronter au mieux, ou cohabiter avec, ce virus. Chaque matin, je pr\u00e9pare un jus de fruits et de l\u00e9gumes avec un extracteur. Citron, curcuma et gingembre sont les ingr\u00e9dients de base puis, chaque jour, je varie. Un jour, cela peut \u00eatre une betterave orange et des carottes. L\u2019apr\u00e8s-midi, je m\u2019amuse \u00e0 pr\u00e9parer des croissants, des tartes, des cakes et des g\u00e2teaux pour la famille \u00bb, note Samira, m\u00e8re de deux enfants. L\u2019explosion des commerces de proximit\u00e9. M\u00eame si les consommateurs se sont ru\u00e9s vers les grandes surfaces en d\u00e9but de crise, ils se sont \u00e9galement tourn\u00e9s vers les petits commer\u00e7ants, proches de leurs lieux de r\u00e9sidence. La situation est d\u00e9j\u00e0 tr\u00e8s particuli\u00e8re. Mais pour l\u2019instant, nous ne pouvons rien y faire, nous avons juste besoin de patience. Mais bien entendu, ma vie quotidienne a beaucoup chang\u00e9 dans cette situation de Corona. J\u2019ai peur d\u2019aller dans les grandes surfaces. Je me contente de l\u2019\u00e9picier du coin, avoue-t-elle. Fini les tourn\u00e9es du shopping parce que\u2026 chacune de nos sorties est d\u00e9sormais r\u00e9fl\u00e9chie. Sortir en public ou m\u00eame aller \u00e0 l\u2019\u00e9picerie est un facteur de risque, alors, aussi bien le faire pour de bonnes raisons. La Covid-19 nous a ramen\u00e9 \u00e0 l\u2019essentiel. De quoi avons-nous besoin pour vivre? Le e-commerce en verve D\u2019autres consommateurs sont branch\u00e9s sur l\u2019e-commerce. La crise sanitaire a forc\u00e9ment conduit \u00e0 une r\u00e9volution chez les consommateurs. Mais elle a servi d\u2019acc\u00e9l\u00e9rateur. Le commerce en ligne s\u00e9duit plusieurs consommateurs suppl\u00e9mentaires. Et une bonne partie des clients entend bien continuer \u00e0 commander par Internet et sur le r\u00e9seau social. Plusieurs bo\u00eetes en ligne proposent des offres sur Facebook avec possibilit\u00e9 d\u2019acheminement de la marchandise \u00e0 domicile. Pour eux, la crise aura aussi eu des cons\u00e9quences d\u00e9sastreuses, notamment chez les jeunes. Isolement, ch\u00f4mage, \u00e9tudes en suspens\u2026 Pour ces derniers, la crise de la Covid-19 est souvent synonyme de privations et de restrictions. Actuellement, l\u2019inqui\u00e9tude est \u00e0 son comble. Beaucoup r\u00e9alisent qu\u2019ils n\u2019\u00e9taient pas pr\u00e9par\u00e9s financi\u00e8rement \u00e0 un tel revers. Certains ont brusquement perdu leur emploi. \u00ab Je travaillais dans un h\u00f4tel qui vient de fermer ses portes faute de clients. Je suis au ch\u00f4mage \u00bb, note H\u00e9di. Plusieurs entreprises ont \u00e9t\u00e9 ou seront amen\u00e9es \u00e0 arr\u00eater ou \u00e0 r\u00e9duire leur production et donc \u00e0 diminuer les effectifs ou la dur\u00e9e du travail. Certains jeunes qui subissent de plein fouet les cons\u00e9quences de la pand\u00e9mie sur l&#8217;emploi, sont contraints de faire des concessions sur leur r\u00e9mun\u00e9ration pour obtenir un travail et ce, alors que les offres se font particuli\u00e8rement rares, ce qui les rend plus vuln\u00e9rables aux cons\u00e9quences \u00e9conomiques de la pand\u00e9mie. La Covid-19 nous force \u00e0 changer nos vies et nos habitudes. En attendant l\u2019arriv\u00e9e du vaccin, nous devons respecter les gestes barri\u00e8res. C\u2019est notre seul moyen d\u2019\u00e9viter la contamination et de ralentir la propagation du coronavirus K.B.<\/span><\/span><\/p>\n<p>Auteur: letemps1<br \/>\n<a href=\"http:\/\/www.letemps.com.tn\/article\/118906\/comment-le-coronavirus-boulevers%C3%A9-nos-habitudes\">Cliquez ici pour lire l&rsquo;article depuis sa source.<\/a><\/p>\n","protected":false},"excerpt":{"rendered":"<p>Le Temps &#8211; Kamel BOUAOUINA La crise sanitaire li\u00e9e \u00e0 la pand\u00e9mie de Covid-19, a boulevers\u00e9 les vies et les habitudes. Elle a favoris\u00e9 un changement significatif dans notre fa\u00e7on de manger, de consommer et de vivre. Cette crise a un impact sur toutes les dimensions de nos vies : la sant\u00e9 publique, le monde [&hellip;]<\/p>\n","protected":false},"author":1773,"featured_media":0,"comment_status":"closed","ping_status":"closed","sticky":false,"template":"","format":"standard","meta":{"fifu_image_url":"","fifu_image_alt":"","footnotes":""},"categories":[73,55],"tags":[],"class_list":["post-109349","post","type-post","status-publish","format-standard","hentry","category-actualite","category-tunisie"],"_links":{"self":[{"href":"https:\/\/linitiative.ca\/International\/wp-json\/wp\/v2\/posts\/109349","targetHints":{"allow":["GET"]}}],"collection":[{"href":"https:\/\/linitiative.ca\/International\/wp-json\/wp\/v2\/posts"}],"about":[{"href":"https:\/\/linitiative.ca\/International\/wp-json\/wp\/v2\/types\/post"}],"author":[{"embeddable":true,"href":"https:\/\/linitiative.ca\/International\/wp-json\/wp\/v2\/users\/1773"}],"replies":[{"embeddable":true,"href":"https:\/\/linitiative.ca\/International\/wp-json\/wp\/v2\/comments?post=109349"}],"version-history":[{"count":0,"href":"https:\/\/linitiative.ca\/International\/wp-json\/wp\/v2\/posts\/109349\/revisions"}],"wp:attachment":[{"href":"https:\/\/linitiative.ca\/International\/wp-json\/wp\/v2\/media?parent=109349"}],"wp:term":[{"taxonomy":"category","embeddable":true,"href":"https:\/\/linitiative.ca\/International\/wp-json\/wp\/v2\/categories?post=109349"},{"taxonomy":"post_tag","embeddable":true,"href":"https:\/\/linitiative.ca\/International\/wp-json\/wp\/v2\/tags?post=109349"}],"curies":[{"name":"wp","href":"https:\/\/api.w.org\/{rel}","templated":true}]}}