{"id":109350,"date":"2021-01-14T18:47:07","date_gmt":"2021-01-14T23:47:07","guid":{"rendered":"https:\/\/linitiative.ca\/International\/les-mots-en-politique\/"},"modified":"2021-01-14T18:47:07","modified_gmt":"2021-01-14T23:47:07","slug":"les-mots-en-politique","status":"publish","type":"post","link":"https:\/\/linitiative.ca\/International\/les-mots-en-politique\/","title":{"rendered":"Les mots en politique"},"content":{"rendered":"<p><span class=\"c3\"><span class=\"c2\"><strong>Le Temps &#8211; Hamma HANACHI<\/strong><\/span><\/span><\/p>\n<p><span class=\"c3\"><span class=\"c2\">Succ\u00e9dant \u00e0 Barak Obama, Donald Trump a \u00e9t\u00e9 \u00e9lu en 2016, 45\u00e8me pr\u00e9sident des Etats Unis, avec un slogan nationaliste \u00abMake America great again\u00bb ou \u00abRedonnez \u00e0 l\u2018Am\u00e9rique sa grandeur \u00bb, comme si son pr\u00e9d\u00e9cesseur avait enfonc\u00e9 le pays dans le camp des pays \u00abfaibles\u00bb. Elu, son slogan \u00e9tait suivi d\u2019un programme bas\u00e9 sur la d\u00e9formation de la r\u00e9alit\u00e9 et l\u2019application d\u2019une politique dure et arrogante anti-immigration, le d\u00e9ni des faits l\u2019a amen\u00e9 \u00e0 remettre en cause l\u2019accord de Paris sur le climat et le trait\u00e9 du nucl\u00e9aire avec l\u2019Iran, et consid\u00e9rer le coronavirus comme un canular. Assis sur une grosse fortune, Trump a r\u00e9ussi sa vie professionnelle, notamment gr\u00e2ce son \u00e9mission de t\u00e9l\u00e9r\u00e9alit\u00e9 et un usage intensif des tweets, \u00e0 tel point que beaucoup de m\u00e9dias en ont fait des rubriques fixes. Sa d\u00e9faite r\u00e9cente laisse un go\u00fbt amer \u00e0 l\u2019ensemble du monde, parmi les nombreuses le\u00e7ons \u00e0 tirer de l\u2019invasion du Capitole et ses cons\u00e9quences, c\u2019est le poids des mots et le prix de la valeur morale, on vient de le constater avec l\u2019appel \u00e0 l\u2019\u00e9meute du pr\u00e9sident Trump pour occuper le temple du l\u00e9gislatif am\u00e9ricain. On le sait, les mots ont un sens, \u00e0 fortiori quand ils proviennent d\u2019un responsable ou d\u2019un leader d\u2019opinion, ils produisent un effet lourd, direct et indirect. L\u2019image de la d\u00e9mocratie de la plus grande puissance a \u00e9t\u00e9 salie suite \u00e0 des mots peu ou sous-pes\u00e9s. \u00abLes mots qui vont surgir savent de nous des choses que nous ignorons d\u2019eux\u00bb, disait Ren\u00e9 Char, po\u00e8te et grand peseur des mots. La valeur morale de Trump, \u00e9videmment n\u00e9olib\u00e9rale, repose sur le concept du \u00ab winner \u00bb ou le gagnant, le pr\u00e9sident am\u00e9ricain l\u2019incarne sans nuance. Pendant son mandat, il en a fait son credo et sa r\u00e9flexion politique, il va m\u00eame plus loin quand il parle de \u00abkiller\u00bb ou tueur. Face \u00e0 un killer, il y a forc\u00e9ment un loser, par cons\u00e9quent, la soci\u00e9t\u00e9 ne figure pas comme un espace pacifique, mais un ring qui, dans un syst\u00e8me in\u00e9galitaire, r\u00e9unit non pas des boxeurs du m\u00eame poids mais, h\u00e9las, oppose des poids lourds \u00e0 des poids plumes ou l\u2019Am\u00e9rique et les autres \u00abAmerica First\u00bb, pr\u00f4nait Trump. Qui sont les winners, appel\u00e9s les premiers de cord\u00e9e par Macron ? Le haut du panier de la soci\u00e9t\u00e9, dirigeants h\u00e9ritiers ou ceux qui ont la possibilit\u00e9 de profiter de l\u2019ascenseur social, g\u00e9n\u00e9ralement des hauts dipl\u00f4m\u00e9s et proche des cercles du pouvoir. Mais la th\u00e9orie du winner a ses limites, sinon ses travers, un winner ne peut pas avouer sa d\u00e9faite (sinon le mot perd son sens), mauvais perdant Trump vient de nous le prouver.<\/span><\/span><\/p>\n<p><span class=\"c3\"><span class=\"c2\">H.H<\/span><\/span><\/p>\n<p>Auteur: letemps1<br \/>\n<a href=\"http:\/\/www.letemps.com.tn\/article\/118907\/les-mots-en-politique\">Cliquez ici pour lire l&rsquo;article depuis sa source.<\/a><\/p>\n","protected":false},"excerpt":{"rendered":"<p>Le Temps &#8211; Hamma HANACHI Succ\u00e9dant \u00e0 Barak Obama, Donald Trump a \u00e9t\u00e9 \u00e9lu en 2016, 45\u00e8me pr\u00e9sident des Etats Unis, avec un slogan nationaliste \u00abMake America great again\u00bb ou \u00abRedonnez \u00e0 l\u2018Am\u00e9rique sa grandeur \u00bb, comme si son pr\u00e9d\u00e9cesseur avait enfonc\u00e9 le pays dans le camp des pays \u00abfaibles\u00bb. Elu, son slogan \u00e9tait suivi [&hellip;]<\/p>\n","protected":false},"author":1773,"featured_media":0,"comment_status":"closed","ping_status":"closed","sticky":false,"template":"","format":"standard","meta":{"fifu_image_url":"","fifu_image_alt":"","footnotes":""},"categories":[73,55],"tags":[],"class_list":["post-109350","post","type-post","status-publish","format-standard","hentry","category-actualite","category-tunisie"],"_links":{"self":[{"href":"https:\/\/linitiative.ca\/International\/wp-json\/wp\/v2\/posts\/109350","targetHints":{"allow":["GET"]}}],"collection":[{"href":"https:\/\/linitiative.ca\/International\/wp-json\/wp\/v2\/posts"}],"about":[{"href":"https:\/\/linitiative.ca\/International\/wp-json\/wp\/v2\/types\/post"}],"author":[{"embeddable":true,"href":"https:\/\/linitiative.ca\/International\/wp-json\/wp\/v2\/users\/1773"}],"replies":[{"embeddable":true,"href":"https:\/\/linitiative.ca\/International\/wp-json\/wp\/v2\/comments?post=109350"}],"version-history":[{"count":0,"href":"https:\/\/linitiative.ca\/International\/wp-json\/wp\/v2\/posts\/109350\/revisions"}],"wp:attachment":[{"href":"https:\/\/linitiative.ca\/International\/wp-json\/wp\/v2\/media?parent=109350"}],"wp:term":[{"taxonomy":"category","embeddable":true,"href":"https:\/\/linitiative.ca\/International\/wp-json\/wp\/v2\/categories?post=109350"},{"taxonomy":"post_tag","embeddable":true,"href":"https:\/\/linitiative.ca\/International\/wp-json\/wp\/v2\/tags?post=109350"}],"curies":[{"name":"wp","href":"https:\/\/api.w.org\/{rel}","templated":true}]}}