{"id":109354,"date":"2021-01-15T15:14:15","date_gmt":"2021-01-15T20:14:15","guid":{"rendered":"https:\/\/linitiative.ca\/International\/equipe-dalgerie-elections-de-la-fifa-zetchi-en-discussion-avec-des-presidents-de-federations-africaines\/"},"modified":"2021-01-15T15:14:15","modified_gmt":"2021-01-15T20:14:15","slug":"equipe-dalgerie-elections-de-la-fifa-zetchi-en-discussion-avec-des-presidents-de-federations-africaines","status":"publish","type":"post","link":"https:\/\/linitiative.ca\/International\/equipe-dalgerie-elections-de-la-fifa-zetchi-en-discussion-avec-des-presidents-de-federations-africaines\/","title":{"rendered":"Equipe d&rsquo;Alg\u00e9rie : Elections de la Fifa: Zetchi en discussion avec des pr\u00e9sidents de f\u00e9d\u00e9rations africaines"},"content":{"rendered":"<div readability=\"32\">\n<p>Auteur : <span>APS<\/span> <span class=\"time\">vendredi 15 janvier 2021 18:43<\/span><\/p>\n<\/div>\n<div id=\"post_core\" readability=\"57\">\n<p>Le pr\u00e9sident de la F\u00e9d\u00e9ration alg\u00e9rienne de football (FAF) Kheireddine Zetchi, a entam\u00e9 des discussions avec plusieurs pr\u00e9sidents de f\u00e9d\u00e9rations du continent, pr\u00e9sents \u00e0 l\u2019occasion du championnat d&rsquo;Afrique des nations CHAN-2021 au Cameroun, pour promouvoir sa candidature en vue des \u00e9lections du Conseil de la F\u00e9d\u00e9ration internationale (FIFA), pr\u00e9vues en mars prochain \u00e0 Rabat (Maroc), rapporte la FAF vendredi sur son site officiel. \u00ab\u00a0Parmi les rencontres, le patron de la FAF s\u2019est entretenu ce vendredi matin avec son homologue camerounais, Mbombo Tchouah, avant d\u2019entamer des r\u00e9unions dans l\u2019apr\u00e8s-midi avec des pr\u00e9sidents de zones de la CAF et d&rsquo;autres personnalit\u00e9s du football africain\u00a0\u00bb, pr\u00e9cise la m\u00eame source. Kheireddine Zetchi, accompagn\u00e9 du secr\u00e9taire g\u00e9n\u00e9ral de la FAF Mohamed Sa\u00e2d et du membre du Bureau f\u00e9d\u00e9ral Amar Bahloul, est arriv\u00e9 jeudi soir \u00e0 Yaound\u00e9, pour faire la promotion de sa candidature, en marge CHAN-2021, r\u00e9serv\u00e9 aux joueurs locaux, au Cameroun (16 janvier &#8211; 7 f\u00e9vrier). Outre Zetchi, les trois autres candidats pour les deux si\u00e8ges lib\u00e9r\u00e9s en fin de mandat de quatre ans par le Tunisien Tarek Bouchamaoui et l\u2019Egyptien Hani Abo Rida sont : le Marocain Fawzi Lekdja\u00e2, l&rsquo;Equato-guin\u00e9en Gustavo Ndong et Abo Rida, ce dernier brigue un second mandat.\u00a0 Zetchi (55 ans) ambitionne \u00e0 travers sa candidature, de devenir la deuxi\u00e8me personnalit\u00e9 sportive alg\u00e9rienne \u00e0 int\u00e9grer le Conseil de la Fifa apr\u00e8s l&rsquo;ancien pr\u00e9sident de la FAF Mohamed Raouraoua, qui avait \u00e9t\u00e9 \u00e9lu membre du Comit\u00e9 ex\u00e9cutif de l&rsquo;instance internationale lors de l&rsquo;Assembl\u00e9e g\u00e9n\u00e9rale \u00e9lective de la CAF en f\u00e9vrier 2011 \u00e0 Khartoum (Soudan). Les \u00e9lections du Conseil de la Fifa, se d\u00e9rouleront en marge de la l\u2019Assembl\u00e9e g\u00e9n\u00e9rale \u00e9lective (AGE) de CAF, le 12 mars 2021 \u00e0 Rabat (Maroc).<\/p>\n<p><strong>Publi\u00e9 dans :<\/strong> <span>Zetchi<\/span><\/p>\n<\/div>\n<p>Auteur:<br \/>\n<a href=\"http:\/\/www.lebuteur.com\/article\/detail?titre=elections-de-la-fifa-zetchi-en-discussion-avec-des-presidents-de-federations-africaines&#038;id=98727&#038;utm_source=feedburner&#038;utm_medium=feed&#038;utm_campaign=Feed%3A+GalerieFArtciles+%28Les+derniers+articles++-+lebuteur.com%29\">Cliquez ici pour lire l&rsquo;article depuis sa source.<\/a><\/p>\n","protected":false},"excerpt":{"rendered":"<p>Auteur : APS vendredi 15 janvier 2021 18:43 Le pr\u00e9sident de la F\u00e9d\u00e9ration alg\u00e9rienne de football (FAF) Kheireddine Zetchi, a entam\u00e9 des discussions avec plusieurs pr\u00e9sidents de f\u00e9d\u00e9rations du continent, pr\u00e9sents \u00e0 l\u2019occasion du championnat d&rsquo;Afrique des nations CHAN-2021 au Cameroun, pour promouvoir sa candidature en vue des \u00e9lections du Conseil de la F\u00e9d\u00e9ration internationale [&hellip;]<\/p>\n","protected":false},"author":1738,"featured_media":0,"comment_status":"closed","ping_status":"closed","sticky":false,"template":"","format":"standard","meta":{"fifu_image_url":"\/\/cdn.lebuteur.com\/data\/images\/article\/thumbs\/large-98727elections-de-la-fifa-zetchi-en-discussion-avec-des-presidents-de-federations-africaines-042bb.jpg","fifu_image_alt":"Equipe d'Alg\u00e9rie : Elections de la Fifa: Zetchi en discussion avec des pr\u00e9sidents de f\u00e9d\u00e9rations africaines","footnotes":""},"categories":[53,75],"tags":[],"class_list":["post-109354","post","type-post","status-publish","format-standard","hentry","category-algerie","category-sport"],"_links":{"self":[{"href":"https:\/\/linitiative.ca\/International\/wp-json\/wp\/v2\/posts\/109354","targetHints":{"allow":["GET"]}}],"collection":[{"href":"https:\/\/linitiative.ca\/International\/wp-json\/wp\/v2\/posts"}],"about":[{"href":"https:\/\/linitiative.ca\/International\/wp-json\/wp\/v2\/types\/post"}],"author":[{"embeddable":true,"href":"https:\/\/linitiative.ca\/International\/wp-json\/wp\/v2\/users\/1738"}],"replies":[{"embeddable":true,"href":"https:\/\/linitiative.ca\/International\/wp-json\/wp\/v2\/comments?post=109354"}],"version-history":[{"count":0,"href":"https:\/\/linitiative.ca\/International\/wp-json\/wp\/v2\/posts\/109354\/revisions"}],"wp:attachment":[{"href":"https:\/\/linitiative.ca\/International\/wp-json\/wp\/v2\/media?parent=109354"}],"wp:term":[{"taxonomy":"category","embeddable":true,"href":"https:\/\/linitiative.ca\/International\/wp-json\/wp\/v2\/categories?post=109354"},{"taxonomy":"post_tag","embeddable":true,"href":"https:\/\/linitiative.ca\/International\/wp-json\/wp\/v2\/tags?post=109354"}],"curies":[{"name":"wp","href":"https:\/\/api.w.org\/{rel}","templated":true}]}}