{"id":109355,"date":"2021-01-15T15:14:17","date_gmt":"2021-01-15T20:14:17","guid":{"rendered":"https:\/\/linitiative.ca\/International\/pros-manchester-city-guardiola-met-en-garde-mahrez-and-co\/"},"modified":"2021-01-15T15:14:17","modified_gmt":"2021-01-15T20:14:17","slug":"pros-manchester-city-guardiola-met-en-garde-mahrez-and-co","status":"publish","type":"post","link":"https:\/\/linitiative.ca\/International\/pros-manchester-city-guardiola-met-en-garde-mahrez-and-co\/","title":{"rendered":"Pros : Manchester City: Guardiola met en garde Mahrez and co"},"content":{"rendered":"<div readability=\"32\">\n<p>Auteur : <span>Riad O.<\/span> <span class=\"time\">vendredi 15 janvier 2021 20:24<\/span><\/p>\n<\/div>\n<div id=\"post_core\" readability=\"39\">\n<p>L\u2019entra\u00eeneur espagnol de Manchester City, Pep Guardiola a mis les points sur les i avec ses joueurs, et cela au vu de la forte concurrence qui existe entre eux pour d\u00e9crocher une place de titulaire dans l\u2019\u00e9quipe-type. Alors que Mahrez a affich\u00e9 sa col\u00e8re au moment de quitter la pelouse lors du pr\u00e9c\u00e9dent match face \u00e0 Brighton, Guardiola a \u00e9voqu\u00e9 la concurrence qui existe entre les stars de son \u00e9quipe aujourd\u2019hui en conf\u00e9rence de presse:\u00a0\u00abChacun de mes joueurs est en concurrence avec d\u2019autres \u00e9l\u00e9ments. Pour tirer profit de nos capacit\u00e9s, nous devons sentir que notre place dans l\u2019\u00e9quipe-type \u00a0n\u2019est gu\u00e8re assur\u00e9e.\u00bb a-t-il d\u00e9clar\u00e9.\u00a0\u00a0<\/p>\n<p><u><strong>Riad O.<\/strong><\/u><\/p>\n<p><strong>Publi\u00e9 dans :<\/strong> <span>Mahrez<\/span><\/p>\n<\/div>\n<p>Auteur:<br \/>\n<a href=\"http:\/\/www.lebuteur.com\/article\/detail?titre=manchester-city-guardiola-met-en-garde-mahrez-and-co&#038;id=98728&#038;utm_source=feedburner&#038;utm_medium=feed&#038;utm_campaign=Feed%3A+GalerieFArtciles+%28Les+derniers+articles++-+lebuteur.com%29\">Cliquez ici pour lire l&rsquo;article depuis sa source.<\/a><\/p>\n","protected":false},"excerpt":{"rendered":"<p>Auteur : Riad O. vendredi 15 janvier 2021 20:24 L\u2019entra\u00eeneur espagnol de Manchester City, Pep Guardiola a mis les points sur les i avec ses joueurs, et cela au vu de la forte concurrence qui existe entre eux pour d\u00e9crocher une place de titulaire dans l\u2019\u00e9quipe-type. Alors que Mahrez a affich\u00e9 sa col\u00e8re au moment [&hellip;]<\/p>\n","protected":false},"author":1738,"featured_media":0,"comment_status":"closed","ping_status":"closed","sticky":false,"template":"","format":"standard","meta":{"fifu_image_url":"\/\/cdn.lebuteur.com\/data\/images\/article\/thumbs\/large-manchester-city-guardiola-met-en-garde-mahrez-and-co-77ceb.jpg","fifu_image_alt":"Pros : Manchester City: Guardiola met en garde Mahrez and co","footnotes":""},"categories":[53,75],"tags":[],"class_list":["post-109355","post","type-post","status-publish","format-standard","hentry","category-algerie","category-sport"],"_links":{"self":[{"href":"https:\/\/linitiative.ca\/International\/wp-json\/wp\/v2\/posts\/109355","targetHints":{"allow":["GET"]}}],"collection":[{"href":"https:\/\/linitiative.ca\/International\/wp-json\/wp\/v2\/posts"}],"about":[{"href":"https:\/\/linitiative.ca\/International\/wp-json\/wp\/v2\/types\/post"}],"author":[{"embeddable":true,"href":"https:\/\/linitiative.ca\/International\/wp-json\/wp\/v2\/users\/1738"}],"replies":[{"embeddable":true,"href":"https:\/\/linitiative.ca\/International\/wp-json\/wp\/v2\/comments?post=109355"}],"version-history":[{"count":0,"href":"https:\/\/linitiative.ca\/International\/wp-json\/wp\/v2\/posts\/109355\/revisions"}],"wp:attachment":[{"href":"https:\/\/linitiative.ca\/International\/wp-json\/wp\/v2\/media?parent=109355"}],"wp:term":[{"taxonomy":"category","embeddable":true,"href":"https:\/\/linitiative.ca\/International\/wp-json\/wp\/v2\/categories?post=109355"},{"taxonomy":"post_tag","embeddable":true,"href":"https:\/\/linitiative.ca\/International\/wp-json\/wp\/v2\/tags?post=109355"}],"curies":[{"name":"wp","href":"https:\/\/api.w.org\/{rel}","templated":true}]}}