{"id":109356,"date":"2021-01-15T03:19:00","date_gmt":"2021-01-15T08:19:00","guid":{"rendered":"https:\/\/linitiative.ca\/International\/khemaies-jhinaoui-la-tunisie-doit-montrer-au-monde-sa-capacite-de-se-developper-et-sa-volonte-de-cooperer-video\/"},"modified":"2021-01-15T03:19:00","modified_gmt":"2021-01-15T08:19:00","slug":"khemaies-jhinaoui-la-tunisie-doit-montrer-au-monde-sa-capacite-de-se-developper-et-sa-volonte-de-cooperer-video","status":"publish","type":"post","link":"https:\/\/linitiative.ca\/International\/khemaies-jhinaoui-la-tunisie-doit-montrer-au-monde-sa-capacite-de-se-developper-et-sa-volonte-de-cooperer-video\/","title":{"rendered":"Khema\u00efes Jhinaoui : \u00ab La Tunisie doit montrer au monde sa capacit\u00e9 de se d\u00e9velopper et sa volont\u00e9 de coop\u00e9rer \u00bb (Vid\u00e9o)"},"content":{"rendered":"<p>Pour l\u2019ancien ministre des Affaires \u00e9trang\u00e8res, Khema\u00efes Jhinaoui qui aligne plus de 40 ans de carri\u00e8re diplomatique, la dimension internationale de la Tunisie est essentielle. \u00ab Nous sommes le seul pays arabe, musulman, africain et m\u00e9diterran\u00e9en \u00e0 avoir d\u00e9lib\u00e9r\u00e9ment fait le choix de la d\u00e9mocratie et d\u2019\u0153uvrer \u00e0 sa mise en \u0153uvre \u00bb, dit-il. Mais, il va falloir aller encore plus loin. \u00ab Il s\u2019agit de montrer au monde que nous sommes un pays ouvert, pr\u00eat \u00e0 se d\u00e9velopper et \u00e0 coop\u00e9rer. Nous le ferons \u00e0 notre cadence, mais nous y sommes r\u00e9solus \u00bb, ponctue-t-il.<\/p>\n<p class=\"c2\"><iframe loading=\"lazy\" src=\"https:\/\/www.youtube.com\/embed\/L-6xExaNVko\" allow=\"accelerometer; autoplay; clipboard-write; encrypted-media; gyroscope; picture-in-picture\" allowfullscreen=\"\" width=\"560\" height=\"315\" frameborder=\"0\">[embedded content]<\/iframe><\/p>\n<p>Jhinaoui, rompant avec le style diplomatique feutr\u00e9, ne garde pas la langue dans la poche. \u00ab Les gouvernements successifs ont failli dans leur mission essentielle de cr\u00e9er des emplois et accro\u00eetre la richesse nationale \u00bb ass\u00e8ne-t-il. Les \u00e9lites aussi en prennent pour leur grade. \u00ab La libert\u00e9 n\u2019a b\u00e9n\u00e9fici\u00e9 qu\u2019\u00e0 l\u2019\u00e9lite, pas aux autres cat\u00e9gories du peuple. Une \u00e9lite coup\u00e9e la r\u00e9alit\u00e9 et non connect\u00e9e avec ce que veut le peuple ! \u00bb dit-il. Mais, Jhinaoui, lui aussi reste optimiste quant \u00e0 l\u2019avenir de la Tunisie.<\/p>\n<p>Voir aussi : <a href=\"https:\/\/youtu.be\/k9drSHi7LzE?t=26\" target=\"_blank\" rel=\"noopener\">L&rsquo;interview int\u00e9grale<\/a><\/p>\n<p><strong>Lire aussi<\/strong><\/p>\n<p><a href=\"https:\/\/www.leaders.com.tn\/article\/31247-hmayed-le-pecheur-surpris-par-la-revolution-nous-n-avons-pas-su-la-gerer-video\" target=\"_blank\" rel=\"noopener\">Hmayed, le p\u00eacheur : Surpris par la r\u00e9volution, nous n\u2019avons pas su la g\u00e9rer (Vid\u00e9o)<\/a><\/p>\n<p><a href=\"https:\/\/www.leaders.com.tn\/article\/31249-hichem-elloumi-sans-creation-d-emplois-de-croissance-et-de-richesses-la-democratie-risque-d-etre-menacee\" target=\"_blank\" rel=\"noopener\">Hichem Elloumi : \u00abSans cr\u00e9ation d\u2019emplois, de croissance et de richesses, la d\u00e9mocratie risque d\u2019\u00eatre menac\u00e9e\u00bb (Vid\u00e9o)<\/a><\/p>\n<p><a href=\"https:\/\/www.leaders.com.tn\/article\/31256-sophie-bessis-aucun-veritable-consensus-n-a-ete-trouve-sur-des-questions-fondamentales\" target=\"_blank\" rel=\"noopener\">Sophie Bessis: Aucun v\u00e9ritable consensus n\u2019a \u00e9t\u00e9 trouv\u00e9 sur des questions fondamentales<\/a><\/p>\n<p><a href=\"https:\/\/www.leaders.com.tn\/article\/31255-ahmed-ounaies-les-democrates-se-tiennent-en-alerte\" target=\"_blank\" rel=\"noopener\">Ahmed Ouna\u00efes: Les d\u00e9mocrates se tiennent en alerte<\/a><\/p>\n<p><a href=\"https:\/\/www.leaders.com.tn\/article\/31254-abdelaziz-kacem-un-printemps-qui-n-en-est-pas-un-video\" target=\"_blank\" rel=\"noopener\">Abdelaziz Kacem: Un printemps qui n\u2019en est pas un (Vid\u00e9o)<\/a><\/p>\n<p><a href=\"https:\/\/www.leaders.com.tn\/article\/31244-fadhel-moussa-la-tunisie-en-quete-d-une-reconfiguration-et-d-une-gouvernementalite\" target=\"_blank\" rel=\"noopener\">Fadhel Moussa: La Tunisie en qu\u00eate d\u2019une reconfiguration et d\u2019une gouvernementalit\u00e9<\/a><\/p>\n<p><a href=\"https:\/\/www.leaders.com.tn\/article\/31241-anis-marrakchi-sauvons-la-democratie-elle-a-des-vertus-que-l-autocratie-ne-peut-avoir\" target=\"_blank\" rel=\"noopener\">Anis Marrakchi: Sauvons la d\u00e9mocratie, elle a des vertus que l\u2019autocratie ne peut avoir<\/a><\/p>\n<p><a href=\"https:\/\/www.leaders.com.tn\/article\/31235-selma-mabrouk-la-revolution-et-apres-video\" target=\"_blank\" rel=\"noopener\">Selma Mabrouk: La r\u00e9volution et apr\u00e8s ? (Vid\u00e9o)<\/a><\/p>\n<p><a href=\"https:\/\/www.leaders.com.tn\/article\/31233-elyes-jouini-oeuvrer-au-retablissement-de-l-espoir\" target=\"_blank\" rel=\"noopener\">Ely\u00e8s Jouini: \u0152uvrer au r\u00e9tablissement de l\u2019espoir<\/a><\/p>\n<p><a href=\"https:\/\/www.leaders.com.tn\/article\/31226-ridha-ben-mosbah-sauver-la-transition-d-un-nouvel-echec-qui-serait-fatal\" target=\"_blank\" rel=\"noopener\">Ridha Ben Mosbah: Sauver la transition d\u2019un nouvel \u00e9chec qui serait fatal<\/a><\/p>\n<p><a href=\"https:\/\/www.leaders.com.tn\/article\/31218-mustapha-ben-jaafar-est-ce-l-heure-du-sursaut\" target=\"_blank\" rel=\"noopener\">Mustapha Ben Jaafar: Est-ce l\u2019heure du sursaut ?<\/a><\/p>\n<p><a href=\"https:\/\/www.leaders.com.tn\/article\/31221-yassine-brahim-plusieurs-batailles-sont-a-mener\" target=\"_blank\" rel=\"noopener\">Yassine Brahim: Plusieurs batailles sont \u00e0 mener&#8230; (Vid\u00e9o)<\/a><\/p>\n<p><a href=\"https:\/\/www.leaders.com.tn\/article\/31220-kamel-jendoubi-le-courage-d-un-peuple\" target=\"_blank\" rel=\"noopener\">Kamel Jendoubi: Le courage d\u2019un peuple<\/a><\/p>\n<p class=\"c3\"><a href=\"https:\/\/www.leaders.com.tn\/article\/31209-yadh-ben-achour-la-revolution-un-rappel-de-memoire\" target=\"_blank\" rel=\"noopener\">Yadh Ben Achour: La r\u00e9volution, un rappel de m\u00e9moire<\/a><\/p>\n<p class=\"c3\"><a href=\"https:\/\/www.leaders.com.tn\/article\/31191-mustapha-kamel-nabli-la-longue-marche-de-la-tunisie-de-l-espoir-fou-vers-le-grand-desespoir\" target=\"_blank\" rel=\"noopener\">Mustapha Kamel Nabli: La longue marche de la Tunisie de l\u2019\u00abespoir fou\u00bb vers le \u00abgrand d\u00e9sespoir\u00bb (Vid\u00e9o)<\/a><\/p>\n<p class=\"c3\"><a href=\"https:\/\/www.leaders.com.tn\/article\/31195-hakim-el-karoui-en-preface-du-livre-tunisie-dix-ans-et-dans-dix-ans-une-tunisie-democratique-libre-et-toujours-debout\" target=\"_blank\" rel=\"noopener\">Hakim El Karoui, en pr\u00e9face du livre Tunisie, Dix ans et dans Dix ans : Une Tunisie d\u00e9mocratique, libre et toujours debout<\/a><\/p>\n<p class=\"c3\"><a href=\"https:\/\/www.leaders.com.tn\/article\/31190-tunisie-2011-2021-ce-qu-il-faut-retenir-et-ce-qu-il-faut-batir-une-serie-d-interviews-video-et-un-ouvrage-collectif\" target=\"_blank\" rel=\"noopener\">Tunisie 2011 \u2013 2021 : Ce qu\u2019il faut retenir et ce qu\u2019il faut b\u00e2tir : une s\u00e9rie d\u2019interviews vid\u00e9o et un ouvrage collectif<\/a><\/p>\n<p class=\"c3\"><a href=\"https:\/\/www.leaders.com.tn\/article\/31189-mustapha-kamel-nabli-une-etroite-voie-de-sortie-existe-a-condition-video\" target=\"_blank\" rel=\"noopener\">Mustapha Kamel Nabli : Une \u00e9troite voie de sortie existe, \u00e0 condition &#8230; (Vid\u00e9o)<\/a><\/p>\n<p>\u00a0<br \/>\u00a0<\/p>\n<p>Auteur:<br \/>\n<a href=\"https:\/\/www.leaders.com.tn\/article\/31258-khemaies-jhinaoui-la-tunisie-doit-montrer-au-monde-sa-capacite-de-se-developper-et-sa-volonte-de-cooperer-video\">Cliquez ici pour lire l&rsquo;article depuis sa source.<\/a><\/p>\n","protected":false},"excerpt":{"rendered":"<p>Pour l\u2019ancien ministre des Affaires \u00e9trang\u00e8res, Khema\u00efes Jhinaoui qui aligne plus de 40 ans de carri\u00e8re diplomatique, la dimension internationale de la Tunisie est essentielle. \u00ab Nous sommes le seul pays arabe, musulman, africain et m\u00e9diterran\u00e9en \u00e0 avoir d\u00e9lib\u00e9r\u00e9ment fait le choix de la d\u00e9mocratie et d\u2019\u0153uvrer \u00e0 sa mise en \u0153uvre \u00bb, dit-il. Mais, [&hellip;]<\/p>\n","protected":false},"author":1772,"featured_media":0,"comment_status":"closed","ping_status":"closed","sticky":false,"template":"","format":"standard","meta":{"fifu_image_url":"","fifu_image_alt":"","footnotes":""},"categories":[73,55],"tags":[],"class_list":["post-109356","post","type-post","status-publish","format-standard","hentry","category-actualite","category-tunisie"],"_links":{"self":[{"href":"https:\/\/linitiative.ca\/International\/wp-json\/wp\/v2\/posts\/109356","targetHints":{"allow":["GET"]}}],"collection":[{"href":"https:\/\/linitiative.ca\/International\/wp-json\/wp\/v2\/posts"}],"about":[{"href":"https:\/\/linitiative.ca\/International\/wp-json\/wp\/v2\/types\/post"}],"author":[{"embeddable":true,"href":"https:\/\/linitiative.ca\/International\/wp-json\/wp\/v2\/users\/1772"}],"replies":[{"embeddable":true,"href":"https:\/\/linitiative.ca\/International\/wp-json\/wp\/v2\/comments?post=109356"}],"version-history":[{"count":0,"href":"https:\/\/linitiative.ca\/International\/wp-json\/wp\/v2\/posts\/109356\/revisions"}],"wp:attachment":[{"href":"https:\/\/linitiative.ca\/International\/wp-json\/wp\/v2\/media?parent=109356"}],"wp:term":[{"taxonomy":"category","embeddable":true,"href":"https:\/\/linitiative.ca\/International\/wp-json\/wp\/v2\/categories?post=109356"},{"taxonomy":"post_tag","embeddable":true,"href":"https:\/\/linitiative.ca\/International\/wp-json\/wp\/v2\/tags?post=109356"}],"curies":[{"name":"wp","href":"https:\/\/api.w.org\/{rel}","templated":true}]}}