{"id":109358,"date":"2021-01-15T07:00:00","date_gmt":"2021-01-15T12:00:00","guid":{"rendered":"https:\/\/linitiative.ca\/International\/fadhel-abdelkefi-la-democratie-quand-meme\/"},"modified":"2021-01-15T07:00:00","modified_gmt":"2021-01-15T12:00:00","slug":"fadhel-abdelkefi-la-democratie-quand-meme","status":"publish","type":"post","link":"https:\/\/linitiative.ca\/International\/fadhel-abdelkefi-la-democratie-quand-meme\/","title":{"rendered":"Fadhel Abdelk\u00e9fi: La d\u00e9mocratie quand m\u00eame !"},"content":{"rendered":"<p><span class=\"c2\"><strong>Fadhel Abdelk\u00e9fi.<\/strong> <em>Financier, ancien ministre, chef du parti Afek Toun\u00e8s<\/em><\/span><\/p>\n<p><span class=\"c4\"><span class=\"c3\"><strong>1. Que retenez-vous le plus de ces dix derni\u00e8res ann\u00e9es ?<\/strong><\/span><\/span><\/p>\n<p>D\u2019abord une formidable \u00e9pop\u00e9e de libert\u00e9, avec l\u2019acquis majeur sur lequel personne ne pourra revenir, celui de la libert\u00e9 d\u2019expression. Pour les m\u00e9dias, la libert\u00e9 de la presse \u00e9videmment. Pour nous autres citoyens, la libert\u00e9 de penser, de nous exprimer, de d\u00e9battre, de nous engager.<\/p>\n<p><img decoding=\"async\" src=\"\/uploads\/FCK_files\/Couv-Dix-ans__.jpg\" alt=\"\" width=\"40%\" vspace=\"5\" hspace=\"5\" align=\"right\"\/>J\u2019ai per\u00e7u la R\u00e9volution comme le chapitre qui venait cl\u00f4turer celui ouvert \u00e0 l\u2019Ind\u00e9pendance. De l\u2019ind\u00e9pendance de l\u2019\u00c9tat, nous \u00e9tions d\u00e9sormais arriv\u00e9s \u00e0 l\u2019\u00e9tape de l\u2019ind\u00e9pendance des \u201cindividus\u201d.<\/p>\n<p>Par ailleurs, ce que nous avons pu voir foisonner dans le domaine culturel est tout simplement exceptionnel.<\/p>\n<p>Dans le th\u00e9\u00e2tre, la musique, les arts plastiques, la rupture de la chape de plomb a permis de lib\u00e9rer une cr\u00e9ativit\u00e9 \u00e9touff\u00e9e. Souvent pour le meilleur et parfois pour le moins bien.<\/p>\n<p>Le d\u00e9but de la d\u00e9cennie a \u00e9t\u00e9 porteur de beaucoup d\u2019espoir pour nous Tunisiens. Ensuite, comme tr\u00e8s souvent face \u00e0 une \u00e9norme attente, il ne peut y avoir que de la d\u00e9ception.<\/p>\n<p>Je retiens \u00e9galement de cette d\u00e9cennie, et pour notre grand malheur, l\u2019effritement de l\u2019autorit\u00e9 de l\u2019\u00c9tat. Ce qui a laiss\u00e9 la place au r\u00e9gionalisme, au corporatisme et \u00e0 des demandes totalement d\u00e9connect\u00e9es par rapport aux moyens de l\u2019\u00c9tat.<\/p>\n<p><span class=\"c3\"><span class=\"c4\"><strong>2. Pensez-vous que la d\u00e9mocratie demeure la v\u00e9ritable voie d\u2019avenir et \u00e0 quelles conditions ?<\/strong><\/span><\/span><\/p>\n<p>De la m\u00eame mani\u00e8re que nous n\u2019avions pas eu d\u2019autres choix que l\u2019ind\u00e9pendance, nous n\u2019avons pas d\u2019autres horizons que la d\u00e9mocratie.<\/p>\n<p>Ailleurs dans le monde, d\u2019autres pays n\u2019y sont pas parvenus et parfois au prix d\u2019immenses trag\u00e9dies.<\/p>\n<p>Cet apprentissage de la d\u00e9mocratie se fait aussi dans la douleur, je n\u2019oublie pas que deux figures politiques majeures, Chokri Bela\u00efd et Mohamed Brahmi, ont \u00e9t\u00e9 assassin\u00e9es et que leurs assassins courent toujours.<\/p>\n<p>Malgr\u00e9 les vicissitudes et les \u00e9carts de trajectoire, celle-ci est d\u00e9sormais inscrite dans notre quotidien. Nous avons r\u00e9ussi dans le domaine le plus compliqu\u00e9 : l\u2019alternance pacifique au sommet de l\u2019\u00c9tat. Nous devons d\u00e9sormais instaurer les garde-fous qui permettront \u00e0 cette d\u00e9mocratie de donner ses plus beaux fruits : un d\u00e9bat apais\u00e9 pour am\u00e9liorer la vie de la Cit\u00e9.<\/p>\n<p>Les conditions d\u2019am\u00e9lioration du d\u00e9bat passent dans un premier temps par davantage de r\u00e9gulation, notamment sur les r\u00e9seaux sociaux. Je sais que c\u2019est une th\u00e9matique qui peut rappeler les \u201cciseaux de Ammar 404\u201d, mais nous devons lutter contre les fausses informations, le d\u00e9nigrement et la violence en ligne. Ceux qui se d\u00e9lectent de voir les acteurs politiques se rouler dans la fange, parfois \u00e0 leur corps d\u00e9fendant, n\u2019ont qu\u2019une seule volont\u00e9, d\u00e9truire cette r\u00e9ussite qu\u2019a \u00e9t\u00e9 la R\u00e9volution tunisienne.<\/p>\n<p>Nous devons \u00e9galement revoir les fondamentaux du syst\u00e8me politique mis en place. Notre peuple veut davantage de verticalit\u00e9, en t\u00e9moignent d\u2019ailleurs les chiffres de la participation \u00e0 la pr\u00e9sidentielle et aux l\u00e9gislatives de 2019. Les Tunisiens se sont davantage mobilis\u00e9s pour \u00e9lire leur Pr\u00e9sident que pour leur Assembl\u00e9e. Ils attendent de ce dernier une trajectoire, une vision et une responsabilit\u00e9 assum\u00e9e devant le peuple. De plus, et malheureusement, les invectives qui tiennent lieu de d\u00e9bat sous la coupole du Bardo ne rehaussent pas le prestige des d\u00e9put\u00e9s. Elles contribuent m\u00eame \u00e0 questionner leur r\u00f4le, ouvrant la porte \u00e0 des th\u00e9ories farfelues de d\u00e9mocratie directe qui accro\u00eetrait \u00e0 mon sens la d\u00e9sagr\u00e9gation de la nation. Ce besoin de clart\u00e9 doit \u00e9galement se mat\u00e9rialiser dans la loi \u00e9lectorale : nous devons pouvoir d\u00e9gager des majorit\u00e9s claires \u00e0 l\u2019issue des scrutins. Ces majorit\u00e9s bricol\u00e9es sans projet politique, parfois entre adversaires ayant jur\u00e9 de ne jamais se tendre la main, ne font que creuser le foss\u00e9 de d\u00e9fiance avec nos concitoyens. Elles donnent l\u2019impression que les partis politiques n\u2019ont qu\u2019un seul objectif : les places ! Les alliances contre nature sont sans lendemain, nous l\u2019avons vu en 2014 et le voyons actuellement en 2019, elles ne font que le jeu des extr\u00eames.<\/p>\n<p>Les Tunisiens veulent que ceux qui s\u2019occupent des affaires de la Cit\u00e9 soient responsables. Ils veulent \u00e9galement une justice digne de ce nom: inflexible, ind\u00e9pendante et \u00e9quitable. Il est imp\u00e9ratif de donner aux juges et magistrats les moyens d\u2019exercer leur r\u00f4le dans les meilleures conditions. Dans le m\u00eame temps, ils devront faire preuve d\u2019exemplarit\u00e9 pour ne pas entacher un corps qui a une fonction essentielle dans la soci\u00e9t\u00e9.<\/p>\n<p><span class=\"c3\"><span class=\"c4\"><strong>3. \u00cates-vous confiant pour les dix prochaines ann\u00e9es ?<\/strong><\/span><\/span><\/p>\n<p>Je reste confiant et optimiste, car comme je l\u2019ai \u00e9crit plus haut, le plus dur a \u00e9t\u00e9 fait, \u00e0 savoir la transition d\u00e9mocratique.<\/p>\n<p>Ce fragile \u00e9difice peut n\u00e9anmoins s\u2019\u00e9crouler si l\u2019on ne prend pas la mesure de la dimension \u00e9conomique. La r\u00e9volution du 14 janvier 2011 a eu lieu en grande partie car la croissance n\u2019\u00e9tait plus inclusive. Les fruits de la prosp\u00e9rit\u00e9 n\u2019\u00e9taient partag\u00e9s qu\u2019entre une infime minorit\u00e9.<\/p>\n<p>Le terreau le plus fertile pour la d\u00e9mocratie est la prosp\u00e9rit\u00e9 \u00e9conomique et nous sommes en train de perdre cette bataille.<\/p>\n<p>Lorsque pr\u00e8s d\u2019un jeune sur deux a pour ambition de quitter le pays, que les cadres et professions lib\u00e9rales fuient vers d\u2019autres pays, nous assistons \u00e0 une h\u00e9morragie dangereuse.<\/p>\n<p>Nous devons gagner la bataille \u00e9conomique et nous en avons toutes les armes. Notre pays est comp\u00e9titif et nous avons les moyens d\u2019une croissance plus forte si nous le voulons. Ce chemin passe par des r\u00e9formes courageuses et qui ne m\u00e8nent pas \u00e0 une braderie o\u00f9 l\u2019\u00c9tat serait vendu \u00e0 la d\u00e9coupe. Je sais que ces derni\u00e8res ann\u00e9es, les discours de \u201cr\u00e9formes\u201d ont \u00e9t\u00e9 le faux nez des id\u00e9ologies lib\u00e9rales visant \u00e0 r\u00e9duire l\u2019\u00c9tat. Au contraire, il faut renforcer le r\u00f4le de l\u2019\u00c9tat dans les secteurs vitaux : \u00e9ducation, sant\u00e9, d\u00e9fense, s\u00e9curit\u00e9, justice, affaires \u00e9trang\u00e8res\u2026.L\u2019\u00c9tat doit r\u00e9guler, arbitrer, orienter et il doit casser les carcans pour permettre aux Tunisiens de vivre. Carcans administratifs, tyrannies de l\u2019autorisation, voil\u00e0 ce que l\u2019\u00c9tat doit casser. Il ne doit pas devenir dans l\u2019esprit des Tunisiens, et ce qu\u2019il est actuellement, l\u2019ennemi du mieux vivre. Lib\u00e9rer les \u00e9nergies, accompagner les transformations, \u00eatre en phase avec la soci\u00e9t\u00e9, comment expliquer les \u201ccopies l\u00e9galis\u00e9es\u201d dans un monde o\u00f9 tout est digital ou presque ?<\/p>\n<p>J\u2019ai confiance dans l\u2019avenir car je vois au quotidien ce dont les Tunisiens sont capables malgr\u00e9 toutes les difficult\u00e9s. Nous avons une jeunesse qui ne demande qu\u2019\u00e0 faire, une diaspora qui ne demande qu\u2019\u00e0 investir et partager, des femmes et des hommes qui s\u2019engagent dans la soci\u00e9t\u00e9 civile pour contribuer \u00e0 am\u00e9liorer la vie des autres.<\/p>\n<p>Nous vivons une \u00e9poque tr\u00e9pidante et pleine de d\u00e9fis, \u00e0 la mesure de ce qu\u2019a pu vivre la g\u00e9n\u00e9ration de l\u2019ind\u00e9pendance. C\u2019est \u00e0 nous tous de saisir cette chance, de nous jeter dans la bataille et de montrer que les descendants des p\u00e8res fondateurs de la Tunisie moderne sont toujours capables d\u2019aller de l\u2019avant et de r\u00e9ussir cette transition d\u00e9mocratique.<\/p>\n<p><span class=\"c2\"><strong>Tunisie, Dix ans et dans Dix ans<\/strong><\/span><br \/><em>Ouvrage collectif sous la direction de Taoufik Habaieb<\/em><br \/>Editions Leaders, janvier 2021, 240 pages, 25 DT<\/p>\n<p class=\"c8\"><span class=\"c6\"><a href=\"http:\/\/www.leadersbooks.com.tn\"><span class=\"c5\">www.leadersbooks.com.tn<\/span><\/a><\/span><span class=\"c7\"><em><br \/><\/em><\/span><\/p>\n<p class=\"c9\"><strong>Fadhel Abdelk\u00e9fi<\/strong><br \/><span class=\"c7\"><em>Financier, ancien ministre, chef du parti Afek Toun\u00e8s<\/em><\/span><\/p>\n<p><strong>Lire aussi<\/strong><\/p>\n<p><a href=\"https:\/\/www.leaders.com.tn\/article\/31256-sophie-bessis-aucun-veritable-consensus-n-a-ete-trouve-sur-des-questions-fondamentales\" target=\"_blank\" rel=\"noopener\">Sophie Bessis: Aucun v\u00e9ritable consensus n\u2019a \u00e9t\u00e9 trouv\u00e9 sur des questions fondamentales<\/a><\/p>\n<p><a href=\"https:\/\/www.leaders.com.tn\/article\/31258-khemaies-jhinaoui-la-tunisie-doit-montrer-au-monde-sa-capacite-de-se-developper-et-sa-volonte-de-cooperer-video\" target=\"_blank\" rel=\"noopener\">Khema\u00efes Jhinaoui : \u00ab La Tunisie doit montrer au monde sa capacit\u00e9 de se d\u00e9velopper et sa volont\u00e9 de coop\u00e9rer \u00bb (Vid\u00e9o)<\/a><\/p>\n<p><a href=\"https:\/\/www.leaders.com.tn\/article\/31247-hmayed-le-pecheur-surpris-par-la-revolution-nous-n-avons-pas-su-la-gerer-video\" target=\"_blank\" rel=\"noopener\">Hmayed, le p\u00eacheur : Surpris par la r\u00e9volution, nous n\u2019avons pas su la g\u00e9rer (Vid\u00e9o)<\/a><\/p>\n<p><a href=\"https:\/\/www.leaders.com.tn\/article\/31249-hichem-elloumi-sans-creation-d-emplois-de-croissance-et-de-richesses-la-democratie-risque-d-etre-menacee\" target=\"_blank\" rel=\"noopener\">Hichem Elloumi : \u00abSans cr\u00e9ation d\u2019emplois, de croissance et de richesses, la d\u00e9mocratie risque d\u2019\u00eatre menac\u00e9e\u00bb (Vid\u00e9o)<\/a><\/p>\n<p><a href=\"https:\/\/www.leaders.com.tn\/article\/31255-ahmed-ounaies-les-democrates-se-tiennent-en-alerte\" target=\"_blank\" rel=\"noopener\">Ahmed Ouna\u00efes: Les d\u00e9mocrates se tiennent en alerte<\/a><\/p>\n<p><a href=\"https:\/\/www.leaders.com.tn\/article\/31254-abdelaziz-kacem-un-printemps-qui-n-en-est-pas-un-video\" target=\"_blank\" rel=\"noopener\">Abdelaziz Kacem: Un printemps qui n\u2019en est pas un (Vid\u00e9o)<\/a><\/p>\n<p><a href=\"https:\/\/www.leaders.com.tn\/article\/31244-fadhel-moussa-la-tunisie-en-quete-d-une-reconfiguration-et-d-une-gouvernementalite\" target=\"_blank\" rel=\"noopener\">Fadhel Moussa: La Tunisie en qu\u00eate d\u2019une reconfiguration et d\u2019une gouvernementalit\u00e9<\/a><\/p>\n<p><a href=\"https:\/\/www.leaders.com.tn\/article\/31241-anis-marrakchi-sauvons-la-democratie-elle-a-des-vertus-que-l-autocratie-ne-peut-avoir\" target=\"_blank\" rel=\"noopener\">Anis Marrakchi: Sauvons la d\u00e9mocratie, elle a des vertus que l\u2019autocratie ne peut avoir<\/a><\/p>\n<p><a href=\"https:\/\/www.leaders.com.tn\/article\/31235-selma-mabrouk-la-revolution-et-apres-video\" target=\"_blank\" rel=\"noopener\">Selma Mabrouk: La r\u00e9volution et apr\u00e8s ? (Vid\u00e9o)<\/a><\/p>\n<p><a href=\"https:\/\/www.leaders.com.tn\/article\/31233-elyes-jouini-oeuvrer-au-retablissement-de-l-espoir\" target=\"_blank\" rel=\"noopener\">Ely\u00e8s Jouini: \u0152uvrer au r\u00e9tablissement de l\u2019espoir<\/a><\/p>\n<p><a href=\"https:\/\/www.leaders.com.tn\/article\/31226-ridha-ben-mosbah-sauver-la-transition-d-un-nouvel-echec-qui-serait-fatal\" target=\"_blank\" rel=\"noopener\">Ridha Ben Mosbah: Sauver la transition d\u2019un nouvel \u00e9chec qui serait fatal<\/a><\/p>\n<p><a href=\"https:\/\/www.leaders.com.tn\/article\/31218-mustapha-ben-jaafar-est-ce-l-heure-du-sursaut\" target=\"_blank\" rel=\"noopener\">Mustapha Ben Jaafar: Est-ce l\u2019heure du sursaut ?<\/a><\/p>\n<p><a href=\"https:\/\/www.leaders.com.tn\/article\/31221-yassine-brahim-plusieurs-batailles-sont-a-mener\" target=\"_blank\" rel=\"noopener\">Yassine Brahim: Plusieurs batailles sont \u00e0 mener&#8230; (Vid\u00e9o)<\/a><\/p>\n<p><a href=\"https:\/\/www.leaders.com.tn\/article\/31220-kamel-jendoubi-le-courage-d-un-peuple\" target=\"_blank\" rel=\"noopener\">Kamel Jendoubi: Le courage d\u2019un peuple<\/a><\/p>\n<p class=\"c8\"><a href=\"https:\/\/www.leaders.com.tn\/article\/31209-yadh-ben-achour-la-revolution-un-rappel-de-memoire\" target=\"_blank\" rel=\"noopener\">Yadh Ben Achour: La r\u00e9volution, un rappel de m\u00e9moire<\/a><\/p>\n<p class=\"c8\"><a href=\"https:\/\/www.leaders.com.tn\/article\/31191-mustapha-kamel-nabli-la-longue-marche-de-la-tunisie-de-l-espoir-fou-vers-le-grand-desespoir\" target=\"_blank\" rel=\"noopener\">Mustapha Kamel Nabli: La longue marche de la Tunisie de l\u2019\u00abespoir fou\u00bb vers le \u00abgrand d\u00e9sespoir\u00bb (Vid\u00e9o)<\/a><\/p>\n<p class=\"c8\"><a href=\"https:\/\/www.leaders.com.tn\/article\/31195-hakim-el-karoui-en-preface-du-livre-tunisie-dix-ans-et-dans-dix-ans-une-tunisie-democratique-libre-et-toujours-debout\" target=\"_blank\" rel=\"noopener\">Hakim El Karoui, en pr\u00e9face du livre Tunisie, Dix ans et dans Dix ans : Une Tunisie d\u00e9mocratique, libre et toujours debout<\/a><\/p>\n<p class=\"c8\"><a href=\"https:\/\/www.leaders.com.tn\/article\/31190-tunisie-2011-2021-ce-qu-il-faut-retenir-et-ce-qu-il-faut-batir-une-serie-d-interviews-video-et-un-ouvrage-collectif\" target=\"_blank\" rel=\"noopener\">Tunisie 2011 \u2013 2021 : Ce qu\u2019il faut retenir et ce qu\u2019il faut b\u00e2tir : une s\u00e9rie d\u2019interviews vid\u00e9o et un ouvrage collectif<\/a><\/p>\n<p class=\"c8\"><a href=\"https:\/\/www.leaders.com.tn\/article\/31189-mustapha-kamel-nabli-une-etroite-voie-de-sortie-existe-a-condition-video\" target=\"_blank\" rel=\"noopener\">Mustapha Kamel Nabli : Une \u00e9troite voie de sortie existe, \u00e0 condition &#8230; (Vid\u00e9o)<\/a><\/p>\n<p>\u00a0<br \/>\u00a0<\/p>\n<p>Auteur:<br \/>\n<a href=\"https:\/\/www.leaders.com.tn\/article\/31259-fadhel-abdelkefi-la-democratie-quand-meme\">Cliquez ici pour lire l&rsquo;article depuis sa source.<\/a><\/p>\n","protected":false},"excerpt":{"rendered":"<p>Fadhel Abdelk\u00e9fi. Financier, ancien ministre, chef du parti Afek Toun\u00e8s 1. Que retenez-vous le plus de ces dix derni\u00e8res ann\u00e9es ? D\u2019abord une formidable \u00e9pop\u00e9e de libert\u00e9, avec l\u2019acquis majeur sur lequel personne ne pourra revenir, celui de la libert\u00e9 d\u2019expression. Pour les m\u00e9dias, la libert\u00e9 de la presse \u00e9videmment. Pour nous autres citoyens, la [&hellip;]<\/p>\n","protected":false},"author":1772,"featured_media":0,"comment_status":"closed","ping_status":"closed","sticky":false,"template":"","format":"standard","meta":{"fifu_image_url":"\/uploads\/FCK_files\/Couv-Dix-ans__.jpg","fifu_image_alt":"Fadhel Abdelk\u00e9fi: La d\u00e9mocratie quand m\u00eame !","footnotes":""},"categories":[73,55],"tags":[],"class_list":["post-109358","post","type-post","status-publish","format-standard","hentry","category-actualite","category-tunisie"],"_links":{"self":[{"href":"https:\/\/linitiative.ca\/International\/wp-json\/wp\/v2\/posts\/109358","targetHints":{"allow":["GET"]}}],"collection":[{"href":"https:\/\/linitiative.ca\/International\/wp-json\/wp\/v2\/posts"}],"about":[{"href":"https:\/\/linitiative.ca\/International\/wp-json\/wp\/v2\/types\/post"}],"author":[{"embeddable":true,"href":"https:\/\/linitiative.ca\/International\/wp-json\/wp\/v2\/users\/1772"}],"replies":[{"embeddable":true,"href":"https:\/\/linitiative.ca\/International\/wp-json\/wp\/v2\/comments?post=109358"}],"version-history":[{"count":0,"href":"https:\/\/linitiative.ca\/International\/wp-json\/wp\/v2\/posts\/109358\/revisions"}],"wp:attachment":[{"href":"https:\/\/linitiative.ca\/International\/wp-json\/wp\/v2\/media?parent=109358"}],"wp:term":[{"taxonomy":"category","embeddable":true,"href":"https:\/\/linitiative.ca\/International\/wp-json\/wp\/v2\/categories?post=109358"},{"taxonomy":"post_tag","embeddable":true,"href":"https:\/\/linitiative.ca\/International\/wp-json\/wp\/v2\/tags?post=109358"}],"curies":[{"name":"wp","href":"https:\/\/api.w.org\/{rel}","templated":true}]}}