{"id":109361,"date":"2021-01-15T11:16:33","date_gmt":"2021-01-15T16:16:33","guid":{"rendered":"https:\/\/linitiative.ca\/International\/transport-de-marchandises-dangereuses-le-maroc-et-lespagne-signent-un-contrat-de-jumelage\/"},"modified":"2021-01-15T11:16:33","modified_gmt":"2021-01-15T16:16:33","slug":"transport-de-marchandises-dangereuses-le-maroc-et-lespagne-signent-un-contrat-de-jumelage","status":"publish","type":"post","link":"https:\/\/linitiative.ca\/International\/transport-de-marchandises-dangereuses-le-maroc-et-lespagne-signent-un-contrat-de-jumelage\/","title":{"rendered":"Transport de marchandises dangereuses :  le Maroc et l\u2019Espagne signent un contrat de jumelage"},"content":{"rendered":"<p><strong>Il s\u2019agit d\u2019un contrat qui vise\u00a0\u00e0 s\u00e9curiser le transport des marchandises dangereuses par route sur la base du cadre r\u00e9glementaire international (ADR). La dur\u00e9e du contrat est de 30 mois.<\/strong><\/p>\n<div class=\"c10\"\/>\n<p>Le Maroc et l\u2019Espagne ont sign\u00e9, le 15 janvier, un contrat de jumelage institutionnel dont l\u2019objectif est de s\u00e9curiser le transport des marchandises dangereuses par route sur la base du cadre r\u00e9glementaire international (ADR). \u00a0Ce contrat de jumelage, dont la dur\u00e9e est de 30 mois, vise notamment \u00e0 accompagner la mise en \u0153uvre et l\u2019application, au niveau des transports int\u00e9rieurs et internationaux, des dispositions de la loi 30-05 en conformit\u00e9 avec l\u2019ADR et les bonnes pratiques europ\u00e9ennes. Force est de pr\u00e9ciser qu\u2019il s\u2019agit d\u2019un projet financ\u00e9 par l\u2019Union Europ\u00e9enne \u00e0 hauteur de 1,1 million d\u2019euros et qui s\u2019inscrit dans le cadre de l\u2019engagement du Maroc \u00e0 renforcer et acc\u00e9l\u00e9rer le processus d\u2019harmonisation de sa r\u00e9glementation nationale, notamment celle des transports, avec l\u2019acquis communautaire dans le cadre du programme \u00ab\u00a0R\u00e9ussir le Statut avanc\u00e9\u00a0\u00bb.<\/p>\n<p><strong>Lire aussi| <a href=\"https:\/\/www.challenge.ma\/impot-un-projet-de-decret-adopte-sur-les-professions-et-activites-exclues-du-regime-du-benefice-forfaitaire-172099\/\">Imp\u00f4t : un projet de d\u00e9cret adopt\u00e9 sur les professions et activit\u00e9s exclues du r\u00e9gime du b\u00e9n\u00e9fice forfaitaire<\/a><\/strong><\/p>\n<p>Notons aussi que le caract\u00e8re complexe du transport par routes des marchandises dangereuses et la multiplication des intervenants ont pouss\u00e9 le minist\u00e8re de tutelle \u00e0 choisir cet outil de coop\u00e9ration pour l\u2019assister \u00e0 transposer les dispositions de l\u2019ADR dans sa r\u00e9glementation nationale, et ce en prenant en consid\u00e9ration le contexte marocain, et en adoptant le principe de progressivit\u00e9 afin d\u2019accompagner le secteur priv\u00e9 en la mati\u00e8re. Le d\u00e9partement d\u2019Abdelkader Amara fait savoir que gr\u00e2ce \u00e0 l\u2019appui de l\u2019UE, un sch\u00e9ma de travail a \u00e9t\u00e9 mis en place pour accompagner le Maroc dans l\u2019application de la loi 30-05. De m\u00eame, 12 cours de formation ont \u00e9t\u00e9 prodigu\u00e9s au profit de plus de 160 fonctionnaires relevant notamment des minist\u00e8res de l\u2019Int\u00e9rieur, de l\u2019\u00c9quipement, du Transport, de la Logistique et de l\u2019Eau, en plus de la Gendarmerie Royale.<\/p>\n<p><strong>Lire aussi| <a href=\"https:\/\/www.challenge.ma\/maroc-usa-signature-dun-memorandum-dentente-pour-proteger-les-biens-culturels-marocains-contre-le-trafic-illicite-172069\/\">Maroc-USA\u00a0: signature d\u2019un m\u00e9morandum d\u2019entente pour prot\u00e9ger les biens culturels marocains contre le trafic illicite<\/a><\/strong><\/p>\n<p>Aussi, une \u00e9quipe d\u2019experts reconnus dans le domaine du transport des marchandises dangereuses a-t-elle \u00e9t\u00e9 mise \u00e0 la disposition du Maroc pour pr\u00e9senter les meilleures pratiques de l\u2019Espagne et d\u2019autres pays de l\u2019UE. \u00ab\u00a0Les livrables les plus importants de ce contrat de jumelage concernent dix projets de textes d\u2019application de la loi 30.05, deux d\u00e9crets et huit arr\u00eat\u00e9s, sept manuels des proc\u00e9dures sp\u00e9cifiques sur le transport par route de marchandises dangereuses et onze programmes de formation, d\u00e9di\u00e9s particuli\u00e8rement aux conducteurs routiers et aux conseillers \u00e0 la s\u00e9curit\u00e9\u00a0\u00bb, conclut le minist\u00e8re de l\u2019\u00c9quipement, du transport, de la logistique et de l\u2019eau.<\/p>\n<p>Auteur: challenge<br \/>\n<a href=\"https:\/\/www.challenge.ma\/transport-de-marchandises-dangereuses-le-maroc-et-lespagne-signent-un-contrat-de-jumelage-172137\/\">Cliquez ici pour lire l&rsquo;article depuis sa source.<\/a><\/p>\n","protected":false},"excerpt":{"rendered":"<p>Il s\u2019agit d\u2019un contrat qui vise\u00a0\u00e0 s\u00e9curiser le transport des marchandises dangereuses par route sur la base du cadre r\u00e9glementaire international (ADR). La dur\u00e9e du contrat est de 30 mois. Le Maroc et l\u2019Espagne ont sign\u00e9, le 15 janvier, un contrat de jumelage institutionnel dont l\u2019objectif est de s\u00e9curiser le transport des marchandises dangereuses par [&hellip;]<\/p>\n","protected":false},"author":1787,"featured_media":0,"comment_status":"closed","ping_status":"closed","sticky":false,"template":"","format":"standard","meta":{"fifu_image_url":"","fifu_image_alt":"","footnotes":""},"categories":[78,54],"tags":[],"class_list":["post-109361","post","type-post","status-publish","format-standard","hentry","category-economie","category-maroc"],"_links":{"self":[{"href":"https:\/\/linitiative.ca\/International\/wp-json\/wp\/v2\/posts\/109361","targetHints":{"allow":["GET"]}}],"collection":[{"href":"https:\/\/linitiative.ca\/International\/wp-json\/wp\/v2\/posts"}],"about":[{"href":"https:\/\/linitiative.ca\/International\/wp-json\/wp\/v2\/types\/post"}],"author":[{"embeddable":true,"href":"https:\/\/linitiative.ca\/International\/wp-json\/wp\/v2\/users\/1787"}],"replies":[{"embeddable":true,"href":"https:\/\/linitiative.ca\/International\/wp-json\/wp\/v2\/comments?post=109361"}],"version-history":[{"count":0,"href":"https:\/\/linitiative.ca\/International\/wp-json\/wp\/v2\/posts\/109361\/revisions"}],"wp:attachment":[{"href":"https:\/\/linitiative.ca\/International\/wp-json\/wp\/v2\/media?parent=109361"}],"wp:term":[{"taxonomy":"category","embeddable":true,"href":"https:\/\/linitiative.ca\/International\/wp-json\/wp\/v2\/categories?post=109361"},{"taxonomy":"post_tag","embeddable":true,"href":"https:\/\/linitiative.ca\/International\/wp-json\/wp\/v2\/tags?post=109361"}],"curies":[{"name":"wp","href":"https:\/\/api.w.org\/{rel}","templated":true}]}}