{"id":109362,"date":"2021-01-15T11:36:26","date_gmt":"2021-01-15T16:36:26","guid":{"rendered":"https:\/\/linitiative.ca\/International\/la-cgem-accueille-une-nouvelle-federation\/"},"modified":"2021-01-15T11:36:26","modified_gmt":"2021-01-15T16:36:26","slug":"la-cgem-accueille-une-nouvelle-federation","status":"publish","type":"post","link":"https:\/\/linitiative.ca\/International\/la-cgem-accueille-une-nouvelle-federation\/","title":{"rendered":"La CGEM accueille une nouvelle f\u00e9d\u00e9ration"},"content":{"rendered":"<p><strong><strong>La Conf\u00e9d\u00e9ration g\u00e9n\u00e9rale des entreprises du Maroc (CGEM) a coopt\u00e9 vendredi la F\u00e9d\u00e9ration marocaine de l\u2019industrie et de l\u2019innovation pharmaceutiques (FMIIP) en tant que F\u00e9d\u00e9ration sectorielle statutaire externe.<\/strong><\/strong><\/p>\n<div class=\"c10\"\/>\n<p>\u00c0 ce titre, la FMIIP disposera d\u2019un si\u00e8ge au Conseil d\u2019Administration de la CGEM. Cette f\u00e9d\u00e9ration repr\u00e9sentera les entreprises op\u00e9rant dans l\u2019industrie et l\u2019innovation pharmaceutiques au Maroc, un secteur strat\u00e9gique \u00e0 fort potentiel tant sur le march\u00e9 national qu\u2019international et connaissant, depuis quelques ann\u00e9es, un essor important, souligne le patronat. Il rel\u00e8ve que l\u2019industrie et l\u2019innovation pharmaceutiques sont \u00e9galement appel\u00e9es \u00e0 jouer un r\u00f4le majeur pour accompagner le d\u00e9veloppement du syst\u00e8me national de sant\u00e9, notamment au vu des enjeux actuels et futurs.<\/p>\n<p><strong>Lire aussi | <a href=\"https:\/\/www.challenge.ma\/marche-de-lemploi-les-secteurs-qui-recrutent-en-2021-172092\/\" target=\"_blank\" rel=\"noreferrer noopener\">March\u00e9 de l\u2019emploi : les secteurs qui recrutent en 2021<\/a><\/strong><\/p>\n<blockquote class=\"twitter-tweet\">\n<p lang=\"fr\" dir=\"ltr\">La <a href=\"https:\/\/twitter.com\/CGEM_MA?ref_src=twsrc%5Etfw\">@CGEM_MA<\/a> a coopt\u00e9 aujourd\u2019hui la F\u00e9d\u00e9ration Marocaine de l\u2019Industrie et de l\u2019<a href=\"https:\/\/twitter.com\/hashtag\/Innovation?src=hash&amp;ref_src=twsrc%5Etfw\">#Innovation<\/a> Pharmaceutiques (FMIIP) en tant que F\u00e9d\u00e9ration Statutaire.<\/p>\n<p>Plus d\u2019infos sur : <a href=\"https:\/\/t.co\/2Z3y9l7txy\">https:\/\/t.co\/2Z3y9l7txy<\/a> <a href=\"https:\/\/t.co\/Cyf3MPduzR\">pic.twitter.com\/Cyf3MPduzR<\/a><\/p>\n<p>\u2014 CGEM (@CGEM_MA) <a href=\"https:\/\/twitter.com\/CGEM_MA\/status\/1350081009329598468?ref_src=twsrc%5Etfw\">January 15, 2021<\/a><\/p><\/blockquote>\n<p>\u00ab\u00a0Nous nous r\u00e9jouissons de rejoindre la CGEM en tant que F\u00e9d\u00e9ration statutaire et sommes ravis du travail de concertation men\u00e9 en amont par la pr\u00e9sidence de la Conf\u00e9d\u00e9ration avec toutes les parties prenantes du secteur, en vue de cr\u00e9er l\u2019espace ad\u00e9quat pour la d\u00e9finition et le d\u00e9ploiement d\u2019une strat\u00e9gie \u00e0 m\u00eame de renforcer le d\u00e9veloppement d\u2019une industrie pharmaceutique nationale forte et innovante\u00a0\u00bb, souligne Ali Sedrati, pr\u00e9sident de la FMIIP.<\/p>\n<p>Auteur: Karim Handaoui<br \/>\n<a href=\"https:\/\/www.challenge.ma\/la-cgem-accueille-une-nouvelle-federation-172148\/\">Cliquez ici pour lire l&rsquo;article depuis sa source.<\/a><\/p>\n","protected":false},"excerpt":{"rendered":"<p>La Conf\u00e9d\u00e9ration g\u00e9n\u00e9rale des entreprises du Maroc (CGEM) a coopt\u00e9 vendredi la F\u00e9d\u00e9ration marocaine de l\u2019industrie et de l\u2019innovation pharmaceutiques (FMIIP) en tant que F\u00e9d\u00e9ration sectorielle statutaire externe. \u00c0 ce titre, la FMIIP disposera d\u2019un si\u00e8ge au Conseil d\u2019Administration de la CGEM. Cette f\u00e9d\u00e9ration repr\u00e9sentera les entreprises op\u00e9rant dans l\u2019industrie et l\u2019innovation pharmaceutiques au Maroc, [&hellip;]<\/p>\n","protected":false},"author":1787,"featured_media":0,"comment_status":"closed","ping_status":"closed","sticky":false,"template":"","format":"standard","meta":{"fifu_image_url":"","fifu_image_alt":"","footnotes":""},"categories":[78,54],"tags":[],"class_list":["post-109362","post","type-post","status-publish","format-standard","hentry","category-economie","category-maroc"],"_links":{"self":[{"href":"https:\/\/linitiative.ca\/International\/wp-json\/wp\/v2\/posts\/109362","targetHints":{"allow":["GET"]}}],"collection":[{"href":"https:\/\/linitiative.ca\/International\/wp-json\/wp\/v2\/posts"}],"about":[{"href":"https:\/\/linitiative.ca\/International\/wp-json\/wp\/v2\/types\/post"}],"author":[{"embeddable":true,"href":"https:\/\/linitiative.ca\/International\/wp-json\/wp\/v2\/users\/1787"}],"replies":[{"embeddable":true,"href":"https:\/\/linitiative.ca\/International\/wp-json\/wp\/v2\/comments?post=109362"}],"version-history":[{"count":0,"href":"https:\/\/linitiative.ca\/International\/wp-json\/wp\/v2\/posts\/109362\/revisions"}],"wp:attachment":[{"href":"https:\/\/linitiative.ca\/International\/wp-json\/wp\/v2\/media?parent=109362"}],"wp:term":[{"taxonomy":"category","embeddable":true,"href":"https:\/\/linitiative.ca\/International\/wp-json\/wp\/v2\/categories?post=109362"},{"taxonomy":"post_tag","embeddable":true,"href":"https:\/\/linitiative.ca\/International\/wp-json\/wp\/v2\/tags?post=109362"}],"curies":[{"name":"wp","href":"https:\/\/api.w.org\/{rel}","templated":true}]}}