{"id":109364,"date":"2021-01-15T14:46:58","date_gmt":"2021-01-15T19:46:58","guid":{"rendered":"https:\/\/linitiative.ca\/International\/nasser-bourita-la-prise-de-position-americaine-sur-le-conflit-regional-autour-du-sahara-marocain-permet-de-sortir-de-limpasse\/"},"modified":"2021-01-15T14:46:58","modified_gmt":"2021-01-15T19:46:58","slug":"nasser-bourita-la-prise-de-position-americaine-sur-le-conflit-regional-autour-du-sahara-marocain-permet-de-sortir-de-limpasse","status":"publish","type":"post","link":"https:\/\/linitiative.ca\/International\/nasser-bourita-la-prise-de-position-americaine-sur-le-conflit-regional-autour-du-sahara-marocain-permet-de-sortir-de-limpasse\/","title":{"rendered":"Nasser Bourita :  \u00ab La prise de position am\u00e9ricaine sur le conflit r\u00e9gional autour du Sahara marocain permet de sortir de l\u2019impasse \u00bb"},"content":{"rendered":"<p><strong>Selon le ministre des Affaires \u00e9trang\u00e8res, Nasser Bourita, au-del\u00e0 de la reconnaissance de la marocanit\u00e9 du Sahara, la proclamation du Pr\u00e9sident am\u00e9ricain, Donald Trump, est de nature \u00e0 instaurer une perspective claire et r\u00e9aliste pour un r\u00e8glement du conflit r\u00e9gional du Sahara, sous souverainet\u00e9 marocaine.<br \/><\/strong><br \/>\u00ab\u00a0L\u2019importance de la proclamation pr\u00e9sidentielle am\u00e9ricaine ne se limite pas \u00e0 la reconnaissance de la souverainet\u00e9 du Maroc sur son Sahara, mais elle instaure, avant tout, une perspective de r\u00e8glement claire et ferme : l\u2019autonomie sous souverainet\u00e9 marocaine\u00a0\u00bb, a d\u00e9clar\u00e9 Nasser Bourita le 15 janvier lors d\u2019une Conf\u00e9rence minist\u00e9rielle de soutien \u00e0 l\u2019initiative d\u2019autonomie sous la souverainet\u00e9 du Maroc, tenue en visioconf\u00e9rence. Il a estim\u00e9 que la prise de position am\u00e9ricaine, conjugu\u00e9e \u00e0 la dynamique internationale actuelle en faveur du plan d\u2019autonomie marocain, permet de sortir de l\u2019impasse qu\u2019a connue la question du Sahara pendant plusieurs d\u00e9cennie, et ouvre la voie prometteuse et de nouvelles perspectives. \u00a0<\/p>\n<div class=\"c10\"\/>\n<p><strong>Lire aussi| <a href=\"https:\/\/www.challenge.ma\/transport-de-marchandises-dangereuses-le-maroc-et-lespagne-signent-un-contrat-de-jumelage-172137\/\">Transport de marchandises dangereuses : le Maroc et l\u2019Espagne signent un contrat de jumelage<\/a><\/strong><\/p>\n<p>Notons que cette conf\u00e9rence a \u00e9t\u00e9 co-pr\u00e9sid\u00e9e par le secr\u00e9taire d\u2019Etat adjoint am\u00e9ricain en charge des questions du Proche-Orient et de l\u2019Afrique du Nord, David Schenker. \u00ab\u00a0La question du Sahara conna\u00eet \u00e0 pr\u00e9sent une acc\u00e9l\u00e9ration des \u00e9volutions transformationnelles, qui se traduit par la d\u00e9cision des Etats-Unis, par le large soutien international au plan d\u2019autonomie, et par l\u2019ouverture r\u00e9cente de plus de 20 consulats g\u00e9n\u00e9raux dans les provinces du Sud\u00a0\u00bb, a fait remarquer Nasser Bourita.<\/p>\n<p><strong>Lire aussi| <a href=\"https:\/\/www.challenge.ma\/larabi-jaidi-des-signes-de-lamorce-dun-debut-de-convalescence-se-manifestent-172135\/\">Larabi Ja\u00efdi : \u00ab Des signes de l\u2019amorce d\u2019un d\u00e9but de convalescence se manifestent \u00bb<\/a><\/strong><\/p>\n<p>Il a ajout\u00e9 qu\u2019en tant qu\u2019initiative s\u00e9rieuse, r\u00e9alisable, cr\u00e9dible et bas\u00e9e sur le compromis, le plan d\u2019autonomie n\u2019est pas un simple concept intellectuel, mais constitue une voie politique pragmatique, un projet de soci\u00e9t\u00e9 et une solution constructive qui est d\u00e9j\u00e0 en marche. Le ministre a aussi pr\u00e9cis\u00e9 que sur le plan g\u00e9opolitique, l\u2019initiative d\u2019autonomie balise le terrain pour une plus grande int\u00e9gration \u00e9conomique et s\u00e9curitaire dans la r\u00e9gion du Maghreb, et une plus grande stabilit\u00e9 et prosp\u00e9rit\u00e9 sur l\u2019ensemble du continent africain.<\/p>\n<p>Auteur: challenge<br \/>\n<a href=\"https:\/\/www.challenge.ma\/nasser-bourita-la-prise-de-position-americaine-sur-le-conflit-regional-autour-du-sahara-marocain-permet-de-sortir-de-limpasse-172169\/\">Cliquez ici pour lire l&rsquo;article depuis sa source.<\/a><\/p>\n","protected":false},"excerpt":{"rendered":"<p>Selon le ministre des Affaires \u00e9trang\u00e8res, Nasser Bourita, au-del\u00e0 de la reconnaissance de la marocanit\u00e9 du Sahara, la proclamation du Pr\u00e9sident am\u00e9ricain, Donald Trump, est de nature \u00e0 instaurer une perspective claire et r\u00e9aliste pour un r\u00e8glement du conflit r\u00e9gional du Sahara, sous souverainet\u00e9 marocaine.\u00ab\u00a0L\u2019importance de la proclamation pr\u00e9sidentielle am\u00e9ricaine ne se limite pas \u00e0 [&hellip;]<\/p>\n","protected":false},"author":1787,"featured_media":0,"comment_status":"closed","ping_status":"closed","sticky":false,"template":"","format":"standard","meta":{"fifu_image_url":"","fifu_image_alt":"","footnotes":""},"categories":[78,54],"tags":[],"class_list":["post-109364","post","type-post","status-publish","format-standard","hentry","category-economie","category-maroc"],"_links":{"self":[{"href":"https:\/\/linitiative.ca\/International\/wp-json\/wp\/v2\/posts\/109364","targetHints":{"allow":["GET"]}}],"collection":[{"href":"https:\/\/linitiative.ca\/International\/wp-json\/wp\/v2\/posts"}],"about":[{"href":"https:\/\/linitiative.ca\/International\/wp-json\/wp\/v2\/types\/post"}],"author":[{"embeddable":true,"href":"https:\/\/linitiative.ca\/International\/wp-json\/wp\/v2\/users\/1787"}],"replies":[{"embeddable":true,"href":"https:\/\/linitiative.ca\/International\/wp-json\/wp\/v2\/comments?post=109364"}],"version-history":[{"count":0,"href":"https:\/\/linitiative.ca\/International\/wp-json\/wp\/v2\/posts\/109364\/revisions"}],"wp:attachment":[{"href":"https:\/\/linitiative.ca\/International\/wp-json\/wp\/v2\/media?parent=109364"}],"wp:term":[{"taxonomy":"category","embeddable":true,"href":"https:\/\/linitiative.ca\/International\/wp-json\/wp\/v2\/categories?post=109364"},{"taxonomy":"post_tag","embeddable":true,"href":"https:\/\/linitiative.ca\/International\/wp-json\/wp\/v2\/tags?post=109364"}],"curies":[{"name":"wp","href":"https:\/\/api.w.org\/{rel}","templated":true}]}}