{"id":109372,"date":"2021-01-15T14:04:03","date_gmt":"2021-01-15T19:04:03","guid":{"rendered":"https:\/\/linitiative.ca\/International\/cameroun-fecafoot-le-tas-met-seidou-mbombo-njoya-hors-jeu\/"},"modified":"2021-01-15T14:04:03","modified_gmt":"2021-01-15T19:04:03","slug":"cameroun-fecafoot-le-tas-met-seidou-mbombo-njoya-hors-jeu","status":"publish","type":"post","link":"https:\/\/linitiative.ca\/International\/cameroun-fecafoot-le-tas-met-seidou-mbombo-njoya-hors-jeu\/","title":{"rendered":"Cameroun-F\u00e9cafoot : le TAS met Seidou Mbombo Njoya hors-jeu"},"content":{"rendered":"<div readability=\"32\">\n<p>Publi\u00e9 le 15.01.2021 \u00e0 20h04 par Emile Zola Nd\u00e9 Tchoussi<\/p>\n<\/div>\n<div readability=\"68\">\n<p class=\"c6\"><strong>Le Tribunal arbitral de sport (TAS) a annul\u00e9 la proclamation des r\u00e9sultats des \u00e9lections aux postes de pr\u00e9sident et membres du Comit\u00e9 ex\u00e9cutif de la F\u00e9cafoot communiqu\u00e9s le 12\u00a0d\u00e9cembre 2018.<\/strong><\/p>\n<p class=\"c6\">Enorme coup de tonnerre dans le microcosme sportif camerounais\u00a0!\u00a0Le tribunal arbitral du sport vient de rendre publique,\u00a0ce vendredi\u00a015\u00a0janvier 2021,\u00a0une s\u00e9rie de d\u00e9cisions parmi lesquelles l\u2019annulation de l\u2019\u00e9lection du pr\u00e9sident de la F\u00e9d\u00e9ration camerounaise de football (F\u00e9cafoot).<\/p>\n<p class=\"c6\">A quelques heures du coup d\u2019envoi du CHAN\u00a02021, les occupants de la maison de football de Tsinga perdent le pouvoir. C\u2019est la cons\u00e9quence de la d\u00e9cision du <strong>TAS<\/strong> au sujet de l\u2019affaire qui oppose la <strong>F\u00e9cafoot<\/strong> \u00e0 Olympique de Meiganga et Cie.\u00a0\u00a0Dans les faits, le TAS a annul\u00e9 le processus \u00e9lectoral qui a \u00e9t\u00e9 conduit par Me Dieudonn\u00e9 Happi en d\u00e9cembre 2018.<\/p>\n<p class=\"c6\">Pour y parvenir, le Tas a d\u2019abord annul\u00e9 la d\u00e9cision rendue publique le 11\u00a0avril 2019 par la commission de Conciliation et d\u2019arbitrage du Comit\u00e9 national olympique et sportif du <strong>Cameroun<\/strong>.<\/p>\n<p class=\"c6\">Puis, le Tas a annul\u00e9 les r\u00e9solutions par lesquelles l\u2019Assembl\u00e9e g\u00e9n\u00e9rale extraordinaire de la F\u00e9cafoot du 11\u00a0octobre 2018 a adopt\u00e9 de nouvelles dispositions statutaires, un code \u00e9lectoral, ainsi que d\u2019autres textes r\u00e9glementaires.<\/p>\n<p class=\"c6\">C\u2019est au Cameroun que le pr\u00e9sident de la FIFA et le pr\u00e9sident par int\u00e9rim de la CAF ont appris cette d\u00e9cision. Arriv\u00e9s \u00e0 Yaound\u00e9 pour assister \u00e0 la c\u00e9r\u00e9monie d\u2019ouverture du CHAN\u00a02021, Gianni Infantino et Constant Omari, par ailleurs re\u00e7us par le chef de l\u2019Etat Paul Biya ce vendredi, appr\u00e9cieront. L\u2019instance faiti\u00e8re du football mondial va (probablement) de nouveau nommer un Comit\u00e9 de normalisation, pour diriger le football camerounais.<\/p>\n<\/div>\n<p>Auteur: Ludovic Amara<br \/>\n<a href=\"https:\/\/www.journalducameroun.com\/cameroun-fecafoot-le-tas-met-seidou-mbombo-njoya-hors-jeu-cameroun\/\">Cliquez ici pour lire l&rsquo;article depuis sa source.<\/a><\/p>\n","protected":false},"excerpt":{"rendered":"<p>Publi\u00e9 le 15.01.2021 \u00e0 20h04 par Emile Zola Nd\u00e9 Tchoussi Le Tribunal arbitral de sport (TAS) a annul\u00e9 la proclamation des r\u00e9sultats des \u00e9lections aux postes de pr\u00e9sident et membres du Comit\u00e9 ex\u00e9cutif de la F\u00e9cafoot communiqu\u00e9s le 12\u00a0d\u00e9cembre 2018. Enorme coup de tonnerre dans le microcosme sportif camerounais\u00a0!\u00a0Le tribunal arbitral du sport vient de [&hellip;]<\/p>\n","protected":false},"author":1965,"featured_media":0,"comment_status":"closed","ping_status":"closed","sticky":false,"template":"","format":"standard","meta":{"fifu_image_url":"","fifu_image_alt":"","footnotes":""},"categories":[73,82],"tags":[],"class_list":["post-109372","post","type-post","status-publish","format-standard","hentry","category-actualite","category-cameroun"],"_links":{"self":[{"href":"https:\/\/linitiative.ca\/International\/wp-json\/wp\/v2\/posts\/109372","targetHints":{"allow":["GET"]}}],"collection":[{"href":"https:\/\/linitiative.ca\/International\/wp-json\/wp\/v2\/posts"}],"about":[{"href":"https:\/\/linitiative.ca\/International\/wp-json\/wp\/v2\/types\/post"}],"author":[{"embeddable":true,"href":"https:\/\/linitiative.ca\/International\/wp-json\/wp\/v2\/users\/1965"}],"replies":[{"embeddable":true,"href":"https:\/\/linitiative.ca\/International\/wp-json\/wp\/v2\/comments?post=109372"}],"version-history":[{"count":0,"href":"https:\/\/linitiative.ca\/International\/wp-json\/wp\/v2\/posts\/109372\/revisions"}],"wp:attachment":[{"href":"https:\/\/linitiative.ca\/International\/wp-json\/wp\/v2\/media?parent=109372"}],"wp:term":[{"taxonomy":"category","embeddable":true,"href":"https:\/\/linitiative.ca\/International\/wp-json\/wp\/v2\/categories?post=109372"},{"taxonomy":"post_tag","embeddable":true,"href":"https:\/\/linitiative.ca\/International\/wp-json\/wp\/v2\/tags?post=109372"}],"curies":[{"name":"wp","href":"https:\/\/api.w.org\/{rel}","templated":true}]}}