{"id":109373,"date":"2021-01-15T14:18:02","date_gmt":"2021-01-15T19:18:02","guid":{"rendered":"https:\/\/linitiative.ca\/International\/uemoa-birahim-diouf-nomme-dga-du-depositaire-central-banque-de-reglement\/"},"modified":"2021-01-15T14:18:02","modified_gmt":"2021-01-15T19:18:02","slug":"uemoa-birahim-diouf-nomme-dga-du-depositaire-central-banque-de-reglement","status":"publish","type":"post","link":"https:\/\/linitiative.ca\/International\/uemoa-birahim-diouf-nomme-dga-du-depositaire-central-banque-de-reglement\/","title":{"rendered":"UEMOA: Birahim Diouf nomm\u00e9 DGA du D\u00e9positaire central\/Banque de r\u00e8glement"},"content":{"rendered":"<div readability=\"32\">\n<p>Publi\u00e9 le 15.01.2021 \u00e0 20h18 par APA News<\/p>\n<\/div>\n<div readability=\"75\">\n<p>L\u2019ex-directeur des \u00e9tudes, de la strat\u00e9gie et du d\u00e9veloppement du march\u00e9 de la Bourse r\u00e9gionale des valeurs mobili\u00e8res ( BRVM), Birahim Diouf a \u00e9t\u00e9 nomm\u00e9 directeur g\u00e9n\u00e9ral adjoint du D\u00e9positaire central\/ Banque de r\u00e8glement ( DC\/BR) de l\u2019Union \u00e9conomique et mon\u00e9taire ouest-africaine ( UEMOA) \u00ab avec effet imm\u00e9diat \u00bb , a annonc\u00e9 cette institution dans un communiqu\u00e9 transmis vendredi \u00e0 APA.<\/p>\n<p>\u00abLe directeur g\u00e9n\u00e9ral adjoint assistera le directeur G\u00e9n\u00e9ral dans la gestion op\u00e9rationnelle, financi\u00e8re et du d\u00e9veloppement du DC\/BR. A cet effet, il aura la charge de coordonner et d\u2019assurer la gestion de l\u2019ensemble des d\u00e9partements ou directions qui lui sont rattach\u00e9s\u00bb, explique le communiqu\u00e9.\u00a0<\/p>\n<p>Cette nomination de M. Diouf \u00e0 ce poste, souligne le DC\/BR, \u00a0\u00ab est en droite ligne avec les nouvelles orientations strat\u00e9giques \u00bb de cette structure centrale du march\u00e9 financier r\u00e9gional de l\u2019UEMOA.<\/p>\n<p>\u00a0Anciennement directeur du d\u00e9partement des \u00e9tudes, de la \u00a0strat\u00e9gie et du d\u00e9veloppement du march\u00e9 de la BRVM et du DC\/BR (2015-2020) et ex-directeur des \u00e9tudes, de la strat\u00e9gie et du d\u00e9veloppement du march\u00e9 ( 2012-2015), M. Birahim Diouf a une trentaine d\u2019ann\u00e9es d\u2019exp\u00e9rience dans le secteur financier et notamment, les march\u00e9s de capitaux et la banque d\u2019affaires.\u00a0<\/p>\n<p>M. Diouf est titulaire d\u2019un MBA de la Sorbonne Graduate School of Business, d\u2019un Executive MBA de l\u2019Institut Fran\u00e7ais de Gestion, d\u2019un Master en Economie de Paris-I Panth\u00e9on-Sorbonne, d\u2019un Troisi\u00e8me cycle en finance islamique de l\u2019Institute of Islamic Banking and Insurance (IIBI) de Londres et d\u2019une Maitrise d\u2019Economie Appliqu\u00e9e de Paris IX Dauphine.\u00a0<\/p>\n<p>Le D\u00e9positaire Central\/Banque de R\u00e8glement ( DC\/BR) est le d\u00e9positaire central des titres de l\u2019UEMOA. Il assure la centralisation de la conservation des valeurs mobili\u00e8res pour ses adh\u00e9rents, la bonne fin des op\u00e9rations de r\u00e8glement\/livraison \u00e0 la suite des op\u00e9rations en bourse ainsi que le paiement des \u00e9v\u00e9nements sur valeur. Il assure \u00e9galement la codification des valeurs mobili\u00e8res dans l\u2019UEMOA.<\/p>\n<\/div>\n<p>Auteur: APA News<br \/>\n<a href=\"https:\/\/www.journalducameroun.com\/uemoa-birahim-diouf-nomme-dga-du-depositaire-central-banque-de-reglement\/\">Cliquez ici pour lire l&rsquo;article depuis sa source.<\/a><\/p>\n","protected":false},"excerpt":{"rendered":"<p>Publi\u00e9 le 15.01.2021 \u00e0 20h18 par APA News L\u2019ex-directeur des \u00e9tudes, de la strat\u00e9gie et du d\u00e9veloppement du march\u00e9 de la Bourse r\u00e9gionale des valeurs mobili\u00e8res ( BRVM), Birahim Diouf a \u00e9t\u00e9 nomm\u00e9 directeur g\u00e9n\u00e9ral adjoint du D\u00e9positaire central\/ Banque de r\u00e8glement ( DC\/BR) de l\u2019Union \u00e9conomique et mon\u00e9taire ouest-africaine ( UEMOA) \u00ab avec effet [&hellip;]<\/p>\n","protected":false},"author":1965,"featured_media":0,"comment_status":"closed","ping_status":"closed","sticky":false,"template":"","format":"standard","meta":{"fifu_image_url":"","fifu_image_alt":"","footnotes":""},"categories":[73,82],"tags":[],"class_list":["post-109373","post","type-post","status-publish","format-standard","hentry","category-actualite","category-cameroun"],"_links":{"self":[{"href":"https:\/\/linitiative.ca\/International\/wp-json\/wp\/v2\/posts\/109373","targetHints":{"allow":["GET"]}}],"collection":[{"href":"https:\/\/linitiative.ca\/International\/wp-json\/wp\/v2\/posts"}],"about":[{"href":"https:\/\/linitiative.ca\/International\/wp-json\/wp\/v2\/types\/post"}],"author":[{"embeddable":true,"href":"https:\/\/linitiative.ca\/International\/wp-json\/wp\/v2\/users\/1965"}],"replies":[{"embeddable":true,"href":"https:\/\/linitiative.ca\/International\/wp-json\/wp\/v2\/comments?post=109373"}],"version-history":[{"count":0,"href":"https:\/\/linitiative.ca\/International\/wp-json\/wp\/v2\/posts\/109373\/revisions"}],"wp:attachment":[{"href":"https:\/\/linitiative.ca\/International\/wp-json\/wp\/v2\/media?parent=109373"}],"wp:term":[{"taxonomy":"category","embeddable":true,"href":"https:\/\/linitiative.ca\/International\/wp-json\/wp\/v2\/categories?post=109373"},{"taxonomy":"post_tag","embeddable":true,"href":"https:\/\/linitiative.ca\/International\/wp-json\/wp\/v2\/tags?post=109373"}],"curies":[{"name":"wp","href":"https:\/\/api.w.org\/{rel}","templated":true}]}}