{"id":109374,"date":"2021-01-15T15:18:02","date_gmt":"2021-01-15T20:18:02","guid":{"rendered":"https:\/\/linitiative.ca\/International\/sahara-linitiative-marocaine-dautonomie-soutenue-par-une-myriade-de-pays\/"},"modified":"2021-01-15T15:18:02","modified_gmt":"2021-01-15T20:18:02","slug":"sahara-linitiative-marocaine-dautonomie-soutenue-par-une-myriade-de-pays","status":"publish","type":"post","link":"https:\/\/linitiative.ca\/International\/sahara-linitiative-marocaine-dautonomie-soutenue-par-une-myriade-de-pays\/","title":{"rendered":"Sahara : L\u2019initiative marocaine d\u2019autonomie soutenue par une myriade de pays"},"content":{"rendered":"<div readability=\"32\">\n<p>Publi\u00e9 le 15.01.2021 \u00e0 21h18 par APA News<\/p>\n<\/div>\n<div readability=\"81\">\n<p>Par Hicham Alaoui \u2014 De nombreux pays participant \u00e0 la Conf\u00e9rence minist\u00e9rielle de soutien \u00e0 l\u2019Initiative d\u2019autonomie au Sahara sous la souverainet\u00e9 du Maroc, tenue virtuellement ce vendredi, ont tous exprim\u00e9 leur appui fort \u00e0 l\u2019Initiative marocaine d\u2019autonomie, comme seule base pour une solution juste et durable au conflit r\u00e9gional du Sahara.Organis\u00e9e \u00e0 l\u2019invitation du Maroc et des Etats-Unis d\u2019Am\u00e9rique, les participants \u00e0 cette conf\u00e9rence, se sont engag\u00e9s \u00e0 continuer \u00e0 plaider en faveur d\u2019une solution se basant uniquement sur l\u2019Initiative marocaine d\u2019autonomie pour la r\u00e9solution du conflit du Sahara, selon la synth\u00e8se des Pr\u00e9sidents rendue publique \u00e0 l\u2019issue de la Conf\u00e9rence.<\/p>\n<p>Repr\u00e9sentant 40 pays, dont 27 \u00e9taient repr\u00e9sent\u00e9s \u00e0 un niveau minist\u00e9riel, les participants ont rappel\u00e9 la Proclamation des \u00c9tats-Unis d\u2019Am\u00e9rique du 10 d\u00e9cembre 2020, intitul\u00e9e \u00ab Reconnaissance de la Souverainet\u00e9 du Royaume du Maroc sur le Sahara Occidental \u00bb, qui a r\u00e9affirm\u00e9 le soutien \u00e0 la proposition marocaine, s\u00e9rieuse, cr\u00e9dible et r\u00e9aliste, d\u2019autonomie comme seule base d\u2019une solution juste et durable au conflit sur le territoire du Sahara.<\/p>\n<p>Cette Proclamation a \u00e9galement exhort\u00e9 les parties \u00e0 engager des discussions en coordination avec les Nations Unies dans les plus brefs d\u00e9lais.<\/p>\n<p>Les participants ont \u00e9galement soulign\u00e9 que la Proclamation Pr\u00e9sidentielle am\u00e9ricaine d\u00e9termine les orientations des efforts visant \u00e0 faire progresser le processus politique men\u00e9 sous les auspices exclusifs des Nations Unies en vue d\u2019atteindre une solution politique, avec l\u2019initiative d\u2019autonomie comme seule base r\u00e9aliste \u00e0 celle-ci.<\/p>\n<p>Cette Proclamation renforcera le consensus international en faveur du processus politique sous les auspices exclusifs des Nations Unies.<\/p>\n<p>La Conf\u00e9rence a mis en \u00e9vidence la d\u00e9cision de vingt \u00c9tats membres des Nations Unies d\u2019ouvrir des Consulats G\u00e9n\u00e9raux dans les villes marocaines de La\u00e2youne et de Dakhla, en consid\u00e9rant que de telles mesures vont favoriser les opportunit\u00e9s \u00e9conomiques et commerciales dans la r\u00e9gion, renforcer sa vocation en tant que p\u00f4le \u00e9conomique pour l\u2019ensemble du continent et permettre d\u2019atteindre une solution politique d\u00e9finitive, tellement attendue, \u00e0 ce conflit qui dure depuis plusieurs d\u00e9cennies.<\/p>\n<p>Les participants ont aussi salu\u00e9 les projets de d\u00e9veloppement lanc\u00e9s dans la r\u00e9gion, notamment dans le cadre du \u00ab Nouveau Mod\u00e8le de D\u00e9veloppement des Provinces du Sud \u00bb, s\u2019engageant \u00e0 continuer \u00e0 plaider en faveur d\u2019une solution se basant uniquement sur l\u2019Initiative marocaine d\u2019Autonomie pour la r\u00e9solution du conflit du Sahara.<\/p>\n<\/div>\n<p>Auteur: APA News<br \/>\n<a href=\"https:\/\/www.journalducameroun.com\/sahara-linitiative-marocaine-dautonomie-soutenue-par-une-myriade-de-pays\/\">Cliquez ici pour lire l&rsquo;article depuis sa source.<\/a><\/p>\n","protected":false},"excerpt":{"rendered":"<p>Publi\u00e9 le 15.01.2021 \u00e0 21h18 par APA News Par Hicham Alaoui \u2014 De nombreux pays participant \u00e0 la Conf\u00e9rence minist\u00e9rielle de soutien \u00e0 l\u2019Initiative d\u2019autonomie au Sahara sous la souverainet\u00e9 du Maroc, tenue virtuellement ce vendredi, ont tous exprim\u00e9 leur appui fort \u00e0 l\u2019Initiative marocaine d\u2019autonomie, comme seule base pour une solution juste et durable [&hellip;]<\/p>\n","protected":false},"author":1965,"featured_media":0,"comment_status":"closed","ping_status":"closed","sticky":false,"template":"","format":"standard","meta":{"fifu_image_url":"","fifu_image_alt":"","footnotes":""},"categories":[73,82],"tags":[],"class_list":["post-109374","post","type-post","status-publish","format-standard","hentry","category-actualite","category-cameroun"],"_links":{"self":[{"href":"https:\/\/linitiative.ca\/International\/wp-json\/wp\/v2\/posts\/109374","targetHints":{"allow":["GET"]}}],"collection":[{"href":"https:\/\/linitiative.ca\/International\/wp-json\/wp\/v2\/posts"}],"about":[{"href":"https:\/\/linitiative.ca\/International\/wp-json\/wp\/v2\/types\/post"}],"author":[{"embeddable":true,"href":"https:\/\/linitiative.ca\/International\/wp-json\/wp\/v2\/users\/1965"}],"replies":[{"embeddable":true,"href":"https:\/\/linitiative.ca\/International\/wp-json\/wp\/v2\/comments?post=109374"}],"version-history":[{"count":0,"href":"https:\/\/linitiative.ca\/International\/wp-json\/wp\/v2\/posts\/109374\/revisions"}],"wp:attachment":[{"href":"https:\/\/linitiative.ca\/International\/wp-json\/wp\/v2\/media?parent=109374"}],"wp:term":[{"taxonomy":"category","embeddable":true,"href":"https:\/\/linitiative.ca\/International\/wp-json\/wp\/v2\/categories?post=109374"},{"taxonomy":"post_tag","embeddable":true,"href":"https:\/\/linitiative.ca\/International\/wp-json\/wp\/v2\/tags?post=109374"}],"curies":[{"name":"wp","href":"https:\/\/api.w.org\/{rel}","templated":true}]}}