{"id":109375,"date":"2021-01-15T18:04:26","date_gmt":"2021-01-15T23:04:26","guid":{"rendered":"https:\/\/linitiative.ca\/International\/schenker-le-plan-dautonomie-pour-le-sahara-marocain-est-loption-la-plus-realiste-pour-resoudre-le-conflit\/"},"modified":"2021-01-15T18:04:26","modified_gmt":"2021-01-15T23:04:26","slug":"schenker-le-plan-dautonomie-pour-le-sahara-marocain-est-loption-la-plus-realiste-pour-resoudre-le-conflit","status":"publish","type":"post","link":"https:\/\/linitiative.ca\/International\/schenker-le-plan-dautonomie-pour-le-sahara-marocain-est-loption-la-plus-realiste-pour-resoudre-le-conflit\/","title":{"rendered":"Schenker : Le plan d\u2019autonomie pour le Sahara marocain est l\u2019option la plus r\u00e9aliste pour r\u00e9soudre le conflit"},"content":{"rendered":"<div readability=\"32\">\n<p>Publi\u00e9 le 16.01.2021 \u00e0 00h18 par APA News<\/p>\n<\/div>\n<div readability=\"61\">\n<p>Le secr\u00e9taire d\u2019Etat adjoint en charge des questions du Proche-Orient et de l\u2019Afrique du Nord, David Schenker a affirm\u00e9 que le plan d\u2019autonomie pour le Sahara marocain est l\u2019option la plus r\u00e9aliste pour r\u00e9soudre le conflit.\u00ab Le plan du Maroc pr\u00e9voit l\u2019autonomie sous souverainet\u00e9 marocaine et repr\u00e9sente l\u2019option la plus r\u00e9aliste pour r\u00e9soudre le conflit du Sahara occidental, qui dure depuis trop longtemps et continue d\u2019avoir un impact n\u00e9gatif sur la vie des Marocains et des Sahraouis \u00bb, a-t-il dit lors lors d\u2019une Conf\u00e9rence minist\u00e9rielle de soutien \u00e0 l\u2019initiative d\u2019autonomie sous la souverainet\u00e9 du Maroc, tenue vendredi en visioconf\u00e9rence.<\/p>\n<p>Le responsable gouvernemental am\u00e9ricain a rappel\u00e9 que chaque administration am\u00e9ricaine depuis le pr\u00e9sident Clinton a affirm\u00e9 son soutien \u00e0 la proposition d\u2019autonomie du Maroc.<\/p>\n<p>La proclamation du pr\u00e9sident am\u00e9ricain Donald Trump le 10 d\u00e9cembre reconna\u00eet la souverainet\u00e9 marocaine sur le Sahara et indique clairement que la proposition d\u2019autonomie du Maroc est la seule base d\u2019une solution juste et durable du conflit, a affirm\u00e9 le responsable am\u00e9ricain au cours de cette conf\u00e9rence \u00e0 laquelle une quarantaine de pays ont \u00e9t\u00e9 repr\u00e9sent\u00e9s, dont 27 au niveau minist\u00e9riel.<\/p>\n<p>Et d\u2019assurer que les \u00c9tats-Unis encouragent les parties concern\u00e9es, l\u2019ONU et la communaut\u00e9 internationale \u00e0 \u00ab examiner s\u00e9rieusement le plan d\u2019autonomie du Maroc comme la seule base cr\u00e9dible et r\u00e9aliste de n\u00e9gociations \u00bb.<\/p>\n<p>\u00ab Apr\u00e8s pr\u00e8s de trois d\u00e9cennies o\u00f9 le statu quo n\u2019a pas permis de percer, saisissons ce moment pour relancer les n\u00e9gociations dans le cadre du plan d\u2019autonomie du Maroc et aux c\u00f4t\u00e9s de l\u2019ONU, pour trouver une solution pacifique au b\u00e9n\u00e9fice de toutes les parties \u00bb, a-t-il lanc\u00e9.<\/p>\n<\/div>\n<p>Auteur: APA News<br \/>\n<a href=\"https:\/\/www.journalducameroun.com\/schenker-le-plan-dautonomie-pour-le-sahara-marocain-est-loption-la-plus-realiste-pour-resoudre-le-conflit\/\">Cliquez ici pour lire l&rsquo;article depuis sa source.<\/a><\/p>\n","protected":false},"excerpt":{"rendered":"<p>Publi\u00e9 le 16.01.2021 \u00e0 00h18 par APA News Le secr\u00e9taire d\u2019Etat adjoint en charge des questions du Proche-Orient et de l\u2019Afrique du Nord, David Schenker a affirm\u00e9 que le plan d\u2019autonomie pour le Sahara marocain est l\u2019option la plus r\u00e9aliste pour r\u00e9soudre le conflit.\u00ab Le plan du Maroc pr\u00e9voit l\u2019autonomie sous souverainet\u00e9 marocaine et repr\u00e9sente [&hellip;]<\/p>\n","protected":false},"author":1965,"featured_media":0,"comment_status":"closed","ping_status":"closed","sticky":false,"template":"","format":"standard","meta":{"fifu_image_url":"","fifu_image_alt":"","footnotes":""},"categories":[73,82],"tags":[],"class_list":["post-109375","post","type-post","status-publish","format-standard","hentry","category-actualite","category-cameroun"],"_links":{"self":[{"href":"https:\/\/linitiative.ca\/International\/wp-json\/wp\/v2\/posts\/109375","targetHints":{"allow":["GET"]}}],"collection":[{"href":"https:\/\/linitiative.ca\/International\/wp-json\/wp\/v2\/posts"}],"about":[{"href":"https:\/\/linitiative.ca\/International\/wp-json\/wp\/v2\/types\/post"}],"author":[{"embeddable":true,"href":"https:\/\/linitiative.ca\/International\/wp-json\/wp\/v2\/users\/1965"}],"replies":[{"embeddable":true,"href":"https:\/\/linitiative.ca\/International\/wp-json\/wp\/v2\/comments?post=109375"}],"version-history":[{"count":0,"href":"https:\/\/linitiative.ca\/International\/wp-json\/wp\/v2\/posts\/109375\/revisions"}],"wp:attachment":[{"href":"https:\/\/linitiative.ca\/International\/wp-json\/wp\/v2\/media?parent=109375"}],"wp:term":[{"taxonomy":"category","embeddable":true,"href":"https:\/\/linitiative.ca\/International\/wp-json\/wp\/v2\/categories?post=109375"},{"taxonomy":"post_tag","embeddable":true,"href":"https:\/\/linitiative.ca\/International\/wp-json\/wp\/v2\/tags?post=109375"}],"curies":[{"name":"wp","href":"https:\/\/api.w.org\/{rel}","templated":true}]}}