{"id":109376,"date":"2021-01-15T18:04:30","date_gmt":"2021-01-15T23:04:30","guid":{"rendered":"https:\/\/linitiative.ca\/International\/sahara-la-proclamation-americaine-instaure-une-perspective-de-reglement-claire-et-ferme-ministre-marocain-ae\/"},"modified":"2021-01-15T18:04:30","modified_gmt":"2021-01-15T23:04:30","slug":"sahara-la-proclamation-americaine-instaure-une-perspective-de-reglement-claire-et-ferme-ministre-marocain-ae","status":"publish","type":"post","link":"https:\/\/linitiative.ca\/International\/sahara-la-proclamation-americaine-instaure-une-perspective-de-reglement-claire-et-ferme-ministre-marocain-ae\/","title":{"rendered":"Sahara : La Proclamation am\u00e9ricaine instaure une perspective de r\u00e8glement claire et ferme (ministre marocain AE)"},"content":{"rendered":"<div readability=\"32\">\n<p>Publi\u00e9 le 16.01.2021 \u00e0 00h18 par APA News<\/p>\n<\/div>\n<div readability=\"118\">\n<p>La proclamation du Pr\u00e9sident am\u00e9ricain reconnaissant la marocanit\u00e9 du Sahara, Donald Trump, est de nature \u00e0 instaurer une perspective claire et r\u00e9aliste pour un r\u00e8glement du conflit r\u00e9gional du Sahara, sous souverainet\u00e9 marocaine, a soulign\u00e9, vendredi, le ministre marocain des Affaires \u00e9trang\u00e8res, Nasser Bourita.\u00ab L\u2019importance de la proclamation pr\u00e9sidentielle am\u00e9ricaine ne se limite pas \u00e0 la reconnaissance de la souverainet\u00e9 du Maroc sur son Sahara (\u2026) mais elle instaure, avant tout, une perspective de r\u00e8glement claire et ferme : l\u2019autonomie sous souverainet\u00e9 marocaine \u00bb, a-t-il dit lors d\u2019une Conf\u00e9rence minist\u00e9rielle de soutien \u00e0 l\u2019initiative d\u2019autonomie sous la souverainet\u00e9 du Maroc, tenue en visioconf\u00e9rence.<\/p>\n<p>La prise de position am\u00e9ricaine, conjugu\u00e9e \u00e0 la dynamique internationale actuelle en faveur du plan d\u2019autonomie marocain, permet de \u00ab sortir de l\u2019impasse \u00bb qu\u2019a connue la question du Sahara pendant plusieurs d\u00e9cennie, et \u00ab ouvre la voie prometteuse et de nouvelles perspectives \u00bb, s\u2019est f\u00e9licit\u00e9 le ministre lors de cette conf\u00e9rence co-pr\u00e9sid\u00e9e par le secr\u00e9taire d\u2019Etat adjoint en charge des questions du Proche-Orient et de l\u2019Afrique du Nord, David Schenker, et \u00e0 laquelle une quarantaine de pays ont \u00e9t\u00e9 repr\u00e9sent\u00e9s, dont 27 au niveau minist\u00e9riel.<\/p>\n<p>Selon lui, la question du Sahara conna\u00eet \u00e0 pr\u00e9sent \u00ab une acc\u00e9l\u00e9ration des \u00e9volutions transformationnelles \u00bb, qui se traduit par la d\u00e9cision des Etats-Unis, par le large soutien international au plan d\u2019autonomie, et par l\u2019ouverture r\u00e9cente de plus de 20 consulats g\u00e9n\u00e9raux dans les provinces du Sud.<\/p>\n<p>S\u00e9rieuse, r\u00e9alisable, cr\u00e9dible et bas\u00e9e sur le compromis, l\u2019initiative du plan d\u2019autonomie n\u2019est pas un simple concept intellectuel, mais \u00ab il constitue une voie politique pragmatique, un projet de soci\u00e9t\u00e9 et une solution constructive qui est d\u00e9j\u00e0 en marche \u00bb, a-t-il relev\u00e9.<\/p>\n<p>Sur le plan g\u00e9opolitique, \u00ab l\u2019initiative d\u2019autonomie balise le terrain pour une plus grande int\u00e9gration \u00e9conomique et s\u00e9curitaire dans la r\u00e9gion du Maghreb, et une plus grande stabilit\u00e9 et prosp\u00e9rit\u00e9 sur l\u2019ensemble du continent africain \u00bb, a-t-il relev\u00e9.<\/p>\n<p>Par ailleurs, M. Bourita a tenu \u00e0 rappeler que le Maroc demeure engag\u00e9 en faveur de la reprise du processus politique sur la base de param\u00e8tres clairs auxquels adh\u00e8rent toutes les parties.<\/p>\n<p>De son c\u00f4t\u00e9, le secr\u00e9taire d\u2019Etat adjoint en charge des questions du Proche-Orient et de l\u2019Afrique du Nord, David Schenker a rappel\u00e9 que chaque administration am\u00e9ricaine depuis le pr\u00e9sident Clinton a affirm\u00e9 son soutien \u00e0 la proposition d\u2019autonomie du Maroc.<\/p>\n<p>\u00ab Le plan du Maroc pr\u00e9voit l\u2019autonomie gouvernementale sous souverainet\u00e9 marocaine et repr\u00e9sente l\u2019option la plus r\u00e9aliste pour r\u00e9soudre le conflit du Sahara occidental, qui dure depuis trop longtemps et continue d\u2019avoir un impact n\u00e9gatif sur la vie des Marocains et des Sahraouis \u00bb, a-t-il dit lors de cette visioconf\u00e9rence.<\/p>\n<p>La proclamation du pr\u00e9sident Trump le 10 d\u00e9cembre reconna\u00eet la souverainet\u00e9 marocaine sur le Sahara et indique clairement que la proposition d\u2019autonomie du Maroc est la seule base d\u2019une solution juste et durable du conflit, a affirm\u00e9 le responsable am\u00e9ricain.<\/p>\n<p>Et d\u2019assurer que les \u00c9tats-Unis encouragent les parties concern\u00e9es, l\u2019ONU et la communaut\u00e9 internationale \u00e0 \u00ab examiner s\u00e9rieusement le plan d\u2019autonomie du Maroc comme la seule base cr\u00e9dible et r\u00e9aliste de n\u00e9gociations \u00bb.<\/p>\n<p>\u00ab Apr\u00e8s pr\u00e8s de trois d\u00e9cennies o\u00f9 le statu quo n\u2019a pas permis de percer, saisissons ce moment pour relancer les n\u00e9gociations dans le cadre du plan d\u2019autonomie du Maroc et aux c\u00f4t\u00e9s de l\u2019ONU, pour trouver une solution pacifique au b\u00e9n\u00e9fice de toutes les parties \u00bb, a-t-il lanc\u00e9.<\/p>\n<\/div>\n<p>Auteur: APA News<br \/>\n<a href=\"https:\/\/www.journalducameroun.com\/sahara-la-proclamation-americaine-instaure-une-perspective-de-reglement-claire-et-ferme-ministre-marocain-ae\/\">Cliquez ici pour lire l&rsquo;article depuis sa source.<\/a><\/p>\n","protected":false},"excerpt":{"rendered":"<p>Publi\u00e9 le 16.01.2021 \u00e0 00h18 par APA News La proclamation du Pr\u00e9sident am\u00e9ricain reconnaissant la marocanit\u00e9 du Sahara, Donald Trump, est de nature \u00e0 instaurer une perspective claire et r\u00e9aliste pour un r\u00e8glement du conflit r\u00e9gional du Sahara, sous souverainet\u00e9 marocaine, a soulign\u00e9, vendredi, le ministre marocain des Affaires \u00e9trang\u00e8res, Nasser Bourita.\u00ab L\u2019importance de la [&hellip;]<\/p>\n","protected":false},"author":1965,"featured_media":0,"comment_status":"closed","ping_status":"closed","sticky":false,"template":"","format":"standard","meta":{"fifu_image_url":"","fifu_image_alt":"","footnotes":""},"categories":[73,82],"tags":[],"class_list":["post-109376","post","type-post","status-publish","format-standard","hentry","category-actualite","category-cameroun"],"_links":{"self":[{"href":"https:\/\/linitiative.ca\/International\/wp-json\/wp\/v2\/posts\/109376","targetHints":{"allow":["GET"]}}],"collection":[{"href":"https:\/\/linitiative.ca\/International\/wp-json\/wp\/v2\/posts"}],"about":[{"href":"https:\/\/linitiative.ca\/International\/wp-json\/wp\/v2\/types\/post"}],"author":[{"embeddable":true,"href":"https:\/\/linitiative.ca\/International\/wp-json\/wp\/v2\/users\/1965"}],"replies":[{"embeddable":true,"href":"https:\/\/linitiative.ca\/International\/wp-json\/wp\/v2\/comments?post=109376"}],"version-history":[{"count":0,"href":"https:\/\/linitiative.ca\/International\/wp-json\/wp\/v2\/posts\/109376\/revisions"}],"wp:attachment":[{"href":"https:\/\/linitiative.ca\/International\/wp-json\/wp\/v2\/media?parent=109376"}],"wp:term":[{"taxonomy":"category","embeddable":true,"href":"https:\/\/linitiative.ca\/International\/wp-json\/wp\/v2\/categories?post=109376"},{"taxonomy":"post_tag","embeddable":true,"href":"https:\/\/linitiative.ca\/International\/wp-json\/wp\/v2\/tags?post=109376"}],"curies":[{"name":"wp","href":"https:\/\/api.w.org\/{rel}","templated":true}]}}