{"id":109377,"date":"2021-01-15T10:29:18","date_gmt":"2021-01-15T15:29:18","guid":{"rendered":"https:\/\/linitiative.ca\/International\/alain-blaise-batongue-quitte-le-gicam\/"},"modified":"2021-01-15T10:29:18","modified_gmt":"2021-01-15T15:29:18","slug":"alain-blaise-batongue-quitte-le-gicam","status":"publish","type":"post","link":"https:\/\/linitiative.ca\/International\/alain-blaise-batongue-quitte-le-gicam\/","title":{"rendered":"Alain Blaise Batongue quitte le Gicam"},"content":{"rendered":"<p>\u00abAu terme de neuf ann\u00e9es pleines et en accord avec le Pr\u00e9sident C\u00e9lestin Tawamba, je mets fin \u00e0 mes fonctions de Secr\u00e9taire ex\u00e9cutif du Groupement interpatronal du Cameroun (Gicam) \u00e0 compter du 1<sup>er<\/sup>\u00a0f\u00e9vrier 2021\u00a0\u00bb, peut-on lire sur le communiqu\u00e9 sign\u00e9 par Alain Blaise Batongue ce 15 janvier 2021 et dont nous avons eu copie. Il sera alors remplac\u00e9 \u00e0 ce poste par Aline Val\u00e9rie Mbono, premi\u00e8re femme a dirig\u00e9 le Gicam.<\/p>\n<p>Pour des raisons qui ne sont pas encore connues, le d\u00e9sormais ex secr\u00e9taire ex\u00e9cutif du Gicam\u00a0\u00a0est connu de l\u2019opinion publique comme journaliste mais aussi comme un fervent d\u00e9fenseur de la cause des entreprises priv\u00e9es. Cause port\u00e9e par le Gicam. \u00ab\u00a0Tout au long de ces ann\u00e9es, j\u2019aurai investi de mon temps et de mon \u00e9nergie au service des d\u00e9fis immenses du Gicam. Et c\u2019est avec fiert\u00e9 et humilit\u00e9 que j\u2019appr\u00e9cie ce parcours et tous ceux qui ont \u0153uvr\u00e9 \u00e0 le rendre fructueux\u2026\u00a0\u00bb, peut-on lire. \u00abAu moment o\u00f9 je m\u2019appr\u00eate \u00e0 passer le t\u00e9moin, je veux redire combien je me suis enrichi de cette exp\u00e9rience extraordinaire au service du patronat et au c\u0153ur des n\u00e9gociations sur les politiques publiques en mati\u00e8re \u00e9conomique et sociale au Cameroun, au plan sous r\u00e9gional et international\u00bb, rench\u00e9rit-il.<\/p>\n<p><strong>Lire aussi<\/strong> : <a href=\"https:\/\/ecomatin.net\/presidence-du-gicam-celestin-tawamba-reelu-avec-9551-des-voix\/\">Pr\u00e9sidence du Gicam : C\u00e9lestin Tawamba r\u00e9\u00e9lu avec 95,51% des voix<\/a><\/p>\n<p>Durant son s\u00e9jour au Gicam, Alain Blaise Batongue a servi sous la coordination de trois pr\u00e9sidents que sont feu Andr\u00e9 Fotso, Armel Fran\u00e7ois et C\u00e9lestin Tawamba actuel pr\u00e9sident du Gicam. Rappelons qu\u2019avant d\u2019\u00eatre secr\u00e9taire ex\u00e9cutif de ce mouvement patronal, Alain Blaise Batongue a exerc\u00e9 le m\u00e9tier de journaliste pendant trente ans. Plus pr\u00e9cis\u00e9ment au quotidien Mutations, ou il a occup\u00e9 le poste de Directeur de publication. Il a aussi occup\u00e9 entre autres fonctions celle de Pr\u00e9sident du Comit\u00e9 consultatif d\u2019orientation du Port autonome de Kribi (PAK).<\/p>\n<p><strong>Nouvelle d\u00e9nomination<\/strong><\/p>\n<p>Le poste de secr\u00e9taire ex\u00e9cutif qu\u2019occupait Alain Blaise Batongue sera dor\u00e9navant appeler \u00ab\u00a0Directeur ex\u00e9cutif\/Directrice ex\u00e9cutive, et ce dans le prolongement des r\u00e9formes entam\u00e9es en d\u00e9cembre 2018 avec entre\u00a0\u00a0autres la transformation du Conseil ex\u00e9cutif en Conseil d\u2019administration\u00a0\u00bb, lit-on dans un communiqu\u00e9 du mouvement patronal publi\u00e9 ce 15 janvier et sign\u00e9 de Celestin Tawamba. Ce poste revient donc \u00e0 Aline Val\u00e9rie Mbono, qui y a \u00e9t\u00e9 port\u00e9e par le Conseil d\u2019administration lors de la toute premi\u00e8re session de la nouvelle mandature tenu ce 15 janvier 2021. Elle aura alors pour mission au sein du Gicam \u00ab\u00a0d\u2019implanter l\u2019ambitieux programme triennal\u00a0\u00a0dont s\u2019est dot\u00e9 le Conseil d\u2019administration, avec l\u2019objectif de faire du Groupement un acteur plus important, plus audacieux et\u00a0\u00a0plus impactant, capable de jouer un r\u00f4le moteur dans la transformation \u00e9conomique du Cameroun\u00a0\u00bb, indique le Gicam.<\/p>\n<p>Le parcours professionnel de cette derni\u00e8re r\u00e9v\u00e8le que de d\u00e9cembre 2011 \u00e0 octobre 2020, elle a occup\u00e9 les fonctions de chef de la division des affaires juridiques de l\u2019Agence national des technologies de l\u2019information et de la communication (Antic), qu\u2019elle int\u00e8gre en avril 2009 en tant que Charg\u00e9e d\u2019\u00e9tudes au sein du d\u00e9partement des affaires juridiques. De 1999 \u00e0 2009, elle a \u00e9t\u00e9 au Conseil juridique et fiscal, puis responsable juridique et fiscal au Cabinet Okalla Ahanda &amp; Associ\u00e9s. La nouvelle Directrice ex\u00e9cutive du Gicam est alors \u00e2g\u00e9e de 46 ans. Elle est titulaire d\u2019une ma\u00eetrise en Droit des affaires et d\u2019un DESS en Droit international des affaires (Bac+5) et est sp\u00e9cialis\u00e9e en droit du num\u00e9rique en particulier.<\/p>\n<p><strong>Lire aussi<\/strong> : <a href=\"https:\/\/ecomatin.net\/soutien-a-lentrepreneuriat-le-gicam-inaugure-son-centre-dincubation\/\">Soutien \u00e0 l\u2019entrepreneuriat : le Gicam inaugure son centre d\u2019incubation<\/a><\/p>\n<p>Auteur: Cindy MBALA<br \/>\n<a href=\"https:\/\/ecomatin.net\/alain-blaise-batongue-quitte-le-gicam\/\">Cliquez ici pour lire l&rsquo;article depuis sa source.<\/a><\/p>\n","protected":false},"excerpt":{"rendered":"<p>\u00abAu terme de neuf ann\u00e9es pleines et en accord avec le Pr\u00e9sident C\u00e9lestin Tawamba, je mets fin \u00e0 mes fonctions de Secr\u00e9taire ex\u00e9cutif du Groupement interpatronal du Cameroun (Gicam) \u00e0 compter du 1er\u00a0f\u00e9vrier 2021\u00a0\u00bb, peut-on lire sur le communiqu\u00e9 sign\u00e9 par Alain Blaise Batongue ce 15 janvier 2021 et dont nous avons eu copie. Il [&hellip;]<\/p>\n","protected":false},"author":1969,"featured_media":0,"comment_status":"closed","ping_status":"closed","sticky":false,"template":"","format":"standard","meta":{"fifu_image_url":"","fifu_image_alt":"","footnotes":""},"categories":[82,78],"tags":[],"class_list":["post-109377","post","type-post","status-publish","format-standard","hentry","category-cameroun","category-economie"],"_links":{"self":[{"href":"https:\/\/linitiative.ca\/International\/wp-json\/wp\/v2\/posts\/109377","targetHints":{"allow":["GET"]}}],"collection":[{"href":"https:\/\/linitiative.ca\/International\/wp-json\/wp\/v2\/posts"}],"about":[{"href":"https:\/\/linitiative.ca\/International\/wp-json\/wp\/v2\/types\/post"}],"author":[{"embeddable":true,"href":"https:\/\/linitiative.ca\/International\/wp-json\/wp\/v2\/users\/1969"}],"replies":[{"embeddable":true,"href":"https:\/\/linitiative.ca\/International\/wp-json\/wp\/v2\/comments?post=109377"}],"version-history":[{"count":0,"href":"https:\/\/linitiative.ca\/International\/wp-json\/wp\/v2\/posts\/109377\/revisions"}],"wp:attachment":[{"href":"https:\/\/linitiative.ca\/International\/wp-json\/wp\/v2\/media?parent=109377"}],"wp:term":[{"taxonomy":"category","embeddable":true,"href":"https:\/\/linitiative.ca\/International\/wp-json\/wp\/v2\/categories?post=109377"},{"taxonomy":"post_tag","embeddable":true,"href":"https:\/\/linitiative.ca\/International\/wp-json\/wp\/v2\/tags?post=109377"}],"curies":[{"name":"wp","href":"https:\/\/api.w.org\/{rel}","templated":true}]}}