{"id":109378,"date":"2021-01-15T11:41:21","date_gmt":"2021-01-15T16:41:21","guid":{"rendered":"https:\/\/linitiative.ca\/International\/chan-2020-gianni-infantino-est-au-cameroun\/"},"modified":"2021-01-15T11:41:21","modified_gmt":"2021-01-15T16:41:21","slug":"chan-2020-gianni-infantino-est-au-cameroun","status":"publish","type":"post","link":"https:\/\/linitiative.ca\/International\/chan-2020-gianni-infantino-est-au-cameroun\/","title":{"rendered":"CHAN 2020 : Gianni Infantino est au Cameroun"},"content":{"rendered":"<div class=\"featured-area featured-area-inner\">\n<p><img loading=\"lazy\" decoding=\"async\" width=\"417\" height=\"292\" src=\"https:\/\/ecomatin.net\/wp-content\/uploads\/2021\/01\/Guianni.jpg\" class=\"attachment-jannah-image-post size-jannah-image-post wp-post-image\" alt=\"\" is_main_img=\"1\" srcset=\"https:\/\/ecomatin.net\/wp-content\/uploads\/2021\/01\/Guianni.jpg 417w, https:\/\/ecomatin.net\/wp-content\/uploads\/2021\/01\/Guianni-300x210.jpg 300w\" sizes=\"auto, (max-width: 417px) 100vw, 417px\"\/><\/p>\n<\/div>\n<div class=\"entry-content entry clearfix\" readability=\"50\">\n<p>Le pr\u00e9sident de la F\u00e9d\u00e9ration internationale du footbal (Fifa) Gianni Infantino a foul\u00e9 le sol camerounais dans la nuit de jeudi 14 janvier 2021, par l\u2019a\u00e9roport international de Yaound\u00e9-Nsimalen. Il a \u00e9t\u00e9 accueilli \u00e0 sa descente d\u2019avion par le pr\u00e9sident par int\u00e9rim de la Conf\u00e9d\u00e9ration africaine de football (CAF), Constant Omari, le pr\u00e9sident de la FECAFOOT, Seidou Mbombo Njoya, et l\u2019ancien international camerounais Samuel Eto\u2019o Fils.<\/p>\n<p>L\u2019h\u00e9lv\u00e9tico-italien assistera au match d\u2019ouverture du #CHAN2020 entre le Cameroun et le Zimbabwe, samedi au Stade omnisports Ahmadou Ahidjo de Yaound\u00e9. Notons que c\u2019est la premi\u00e8re fois que Gianni Infantino arrive au Cameroun, lui qui avait fini son premier mandat \u00e0 la t\u00eate de l\u2019instance du football mondial sans y mettre pied.\u00a0\u00a0Au cours de son s\u00e9jour en terre camerounaise, Gianni Infantino devra \u00e9galement \u00e9changer avec le pr\u00e9sident par int\u00e9rim de la CAF, Constant Omari, de l\u2019organisation de l\u2019\u00e9lection du pr\u00e9sident au sein de cette conf\u00e9d\u00e9ration le 12 mars 2021.<\/p>\n<\/div>\n<p>Auteur: Eco Matin<br \/>\n<a href=\"https:\/\/ecomatin.net\/chan-2020-gianni-infantino-est-au-cameroun\/\">Cliquez ici pour lire l&rsquo;article depuis sa source.<\/a><\/p>\n","protected":false},"excerpt":{"rendered":"<p>Le pr\u00e9sident de la F\u00e9d\u00e9ration internationale du footbal (Fifa) Gianni Infantino a foul\u00e9 le sol camerounais dans la nuit de jeudi 14 janvier 2021, par l\u2019a\u00e9roport international de Yaound\u00e9-Nsimalen. Il a \u00e9t\u00e9 accueilli \u00e0 sa descente d\u2019avion par le pr\u00e9sident par int\u00e9rim de la Conf\u00e9d\u00e9ration africaine de football (CAF), Constant Omari, le pr\u00e9sident de la [&hellip;]<\/p>\n","protected":false},"author":1969,"featured_media":0,"comment_status":"closed","ping_status":"closed","sticky":false,"template":"","format":"standard","meta":{"fifu_image_url":"https:\/\/ecomatin.net\/wp-content\/uploads\/2021\/01\/Guianni.jpg","fifu_image_alt":"CHAN 2020 : Gianni Infantino est au Cameroun","footnotes":""},"categories":[82,78],"tags":[],"class_list":["post-109378","post","type-post","status-publish","format-standard","hentry","category-cameroun","category-economie"],"_links":{"self":[{"href":"https:\/\/linitiative.ca\/International\/wp-json\/wp\/v2\/posts\/109378","targetHints":{"allow":["GET"]}}],"collection":[{"href":"https:\/\/linitiative.ca\/International\/wp-json\/wp\/v2\/posts"}],"about":[{"href":"https:\/\/linitiative.ca\/International\/wp-json\/wp\/v2\/types\/post"}],"author":[{"embeddable":true,"href":"https:\/\/linitiative.ca\/International\/wp-json\/wp\/v2\/users\/1969"}],"replies":[{"embeddable":true,"href":"https:\/\/linitiative.ca\/International\/wp-json\/wp\/v2\/comments?post=109378"}],"version-history":[{"count":0,"href":"https:\/\/linitiative.ca\/International\/wp-json\/wp\/v2\/posts\/109378\/revisions"}],"wp:attachment":[{"href":"https:\/\/linitiative.ca\/International\/wp-json\/wp\/v2\/media?parent=109378"}],"wp:term":[{"taxonomy":"category","embeddable":true,"href":"https:\/\/linitiative.ca\/International\/wp-json\/wp\/v2\/categories?post=109378"},{"taxonomy":"post_tag","embeddable":true,"href":"https:\/\/linitiative.ca\/International\/wp-json\/wp\/v2\/tags?post=109378"}],"curies":[{"name":"wp","href":"https:\/\/api.w.org\/{rel}","templated":true}]}}