{"id":109379,"date":"2021-01-15T12:22:05","date_gmt":"2021-01-15T17:22:05","guid":{"rendered":"https:\/\/linitiative.ca\/International\/chan-2020-paul-biya-a-recu-gianni-infantino-au-palais-de-lunite\/"},"modified":"2021-01-15T12:22:05","modified_gmt":"2021-01-15T17:22:05","slug":"chan-2020-paul-biya-a-recu-gianni-infantino-au-palais-de-lunite","status":"publish","type":"post","link":"https:\/\/linitiative.ca\/International\/chan-2020-paul-biya-a-recu-gianni-infantino-au-palais-de-lunite\/","title":{"rendered":"CHAN 2020 : Paul Biya a re\u00e7u Gianni Infantino au Palais de l\u2019unit\u00e9"},"content":{"rendered":"<p>Arriv\u00e9 au Cameroun dans la nuit du jeudi 14 janvier 2021, le pr\u00e9sident de la F\u00e9d\u00e9ration Internationale de Football Association (Fifa), Gianni Infantino, s\u2019est rendu vendredi matin \u00e0 la pr\u00e9sidence de la R\u00e9publique du Cameroun, o\u00f9 il a \u00e9t\u00e9 re\u00e7u en audience par le maitre des c\u00e9ans, Paul Biya.<\/p>\n<p>Les deux hommes ont \u00e9voqu\u00e9 les questions li\u00e9es au football et \u00e0 l\u2019organisation de ce 6<sup>e<\/sup>\u00a0Championnat d\u2019Afrique des Nations (CHAN) de football. Ils se rencontraient d\u2019ailleurs pour la premi\u00e8re fois, Gianni Infantino n\u2019\u00e9tant jamais venu au Cameroun par le pass\u00e9.<\/p>\n<p>\u00ab\u00a0<em>Ravi de rencontrer ce jour le Pr\u00e9sident de la FIFA, Gianni Infantino, \u00e0 la veille de l\u2019ouverture du Championnat d\u2019Afrique des Nations 2020. Nous avons discut\u00e9 du d\u00e9veloppement du football au Cameroun en particulier et dans le monde en g\u00e9n\u00e9ral<\/em>\u00a0\u00bb, a tweet\u00e9 le chef de l\u2019Etat.<\/p>\n<p>Pour l\u2019heure, l\u2019on ignore si Paul Biya pr\u00e9sidera l\u2019ouverture de ce CHAN 2020. Au sein de l\u2019opinion, il prosp\u00e8re la th\u00e8se de son absence au stade demain, et un document en circulation sur la toile indique qu\u2019il se fera repr\u00e9senter \u00e0 la c\u00e9r\u00e9monie d\u2019ouverture. Le cabinet civil de la pr\u00e9sidence n\u2019a toujours pas communiqu\u00e9 sur ce qui apparait encore comme une rumeur.<\/p>\n<p><strong>Yannick KENNE<\/strong><\/p>\n<p>Auteur: Eco Matin<br \/>\n<a href=\"https:\/\/ecomatin.net\/chan-2020-paul-biya-a-recu-gianni-infantino-au-palais-de-lunite\/\">Cliquez ici pour lire l&rsquo;article depuis sa source.<\/a><\/p>\n","protected":false},"excerpt":{"rendered":"<p>Arriv\u00e9 au Cameroun dans la nuit du jeudi 14 janvier 2021, le pr\u00e9sident de la F\u00e9d\u00e9ration Internationale de Football Association (Fifa), Gianni Infantino, s\u2019est rendu vendredi matin \u00e0 la pr\u00e9sidence de la R\u00e9publique du Cameroun, o\u00f9 il a \u00e9t\u00e9 re\u00e7u en audience par le maitre des c\u00e9ans, Paul Biya. Les deux hommes ont \u00e9voqu\u00e9 les [&hellip;]<\/p>\n","protected":false},"author":1969,"featured_media":0,"comment_status":"closed","ping_status":"closed","sticky":false,"template":"","format":"standard","meta":{"fifu_image_url":"","fifu_image_alt":"","footnotes":""},"categories":[82,78],"tags":[],"class_list":["post-109379","post","type-post","status-publish","format-standard","hentry","category-cameroun","category-economie"],"_links":{"self":[{"href":"https:\/\/linitiative.ca\/International\/wp-json\/wp\/v2\/posts\/109379","targetHints":{"allow":["GET"]}}],"collection":[{"href":"https:\/\/linitiative.ca\/International\/wp-json\/wp\/v2\/posts"}],"about":[{"href":"https:\/\/linitiative.ca\/International\/wp-json\/wp\/v2\/types\/post"}],"author":[{"embeddable":true,"href":"https:\/\/linitiative.ca\/International\/wp-json\/wp\/v2\/users\/1969"}],"replies":[{"embeddable":true,"href":"https:\/\/linitiative.ca\/International\/wp-json\/wp\/v2\/comments?post=109379"}],"version-history":[{"count":0,"href":"https:\/\/linitiative.ca\/International\/wp-json\/wp\/v2\/posts\/109379\/revisions"}],"wp:attachment":[{"href":"https:\/\/linitiative.ca\/International\/wp-json\/wp\/v2\/media?parent=109379"}],"wp:term":[{"taxonomy":"category","embeddable":true,"href":"https:\/\/linitiative.ca\/International\/wp-json\/wp\/v2\/categories?post=109379"},{"taxonomy":"post_tag","embeddable":true,"href":"https:\/\/linitiative.ca\/International\/wp-json\/wp\/v2\/tags?post=109379"}],"curies":[{"name":"wp","href":"https:\/\/api.w.org\/{rel}","templated":true}]}}