{"id":109380,"date":"2021-01-15T12:26:44","date_gmt":"2021-01-15T17:26:44","guid":{"rendered":"https:\/\/linitiative.ca\/International\/chan-2020-le-selectionneur-du-zimbabwe-deplore-la-difficile-preparation-de-son-equipe-a-cause-du-coronavirus\/"},"modified":"2021-01-15T12:26:44","modified_gmt":"2021-01-15T17:26:44","slug":"chan-2020-le-selectionneur-du-zimbabwe-deplore-la-difficile-preparation-de-son-equipe-a-cause-du-coronavirus","status":"publish","type":"post","link":"https:\/\/linitiative.ca\/International\/chan-2020-le-selectionneur-du-zimbabwe-deplore-la-difficile-preparation-de-son-equipe-a-cause-du-coronavirus\/","title":{"rendered":"CHAN 2020 : le s\u00e9lectionneur du Zimbabwe d\u00e9plore la difficile pr\u00e9paration de son \u00e9quipe \u00e0 cause du Coronavirus"},"content":{"rendered":"<p>Le Zimbabwe affronte le Cameroun ce samedi 16 janvier 2021 au stade omnisports Ahmadou Ahidjo de Yaound\u00e9, en match inaugural du 6<sup>e<\/sup>\u00a0Championnat d\u2019Afrique des Nations (CHAN) de football. A la veille de cette confrontation, le s\u00e9lectionneur du Zimbabwe, le Croate\u00a0<strong>Zdravko Logarusic<\/strong>, a sacrifi\u00e9 au rituel de la conf\u00e9rence de presse d\u2019avant-match, au cours de laquelle il a \u00e9voqu\u00e9 l\u2019ensemble des difficult\u00e9s qu\u2019il a connues durant la pr\u00e9paration de son groupe pour ce tournoi.<\/p>\n<p>\u00ab\u00a0Nous avons eu une pr\u00e9paration de 20 heures seulement. Car nous avons entam\u00e9 un stage en d\u00e9cembre. Mais on a d\u00fb l\u2019interrompre au bout de quelques jours pour les f\u00eates de fin d\u2019ann\u00e9e. Pour confectionner la liste, \u00e9tant nouveau, j\u2019ai fait appel \u00e0 mes adjoints et je leur ai demand\u00e9 de me proposer un groupe des joueurs sur la base de leurs performances d\u2019il y a deux saisons. Malheureusement, en raison de la pand\u00e9mie on n\u2019a pas commenc\u00e9 la pr\u00e9paration \u00e0 temps\u00a0\u00bb, a-t-il r\u00e9v\u00e9l\u00e9.<\/p>\n<p>Zdravko Logarusic, arriv\u00e9 sur le banc du Zimbabwe en f\u00e9vrier dernier, n\u2019a pas eu l\u2019occasion de voir \u00e9voluer la plupart des joueurs qu\u2019ils a convoqu\u00e9s. A peine \u00e9tait-il arriv\u00e9, que la pand\u00e9mie de Coronvirus est survenue et a provoqu\u00e9 l\u2019interruption du championnat. Ilconfesse qu\u2019il n\u2019a pas encore la mainmise sur son groupe, et qu\u2019il fera davantage confiance \u00e0 ses adjoints.<\/p>\n<p>Les Warriors ont un temps song\u00e9 \u00e0 renoncer \u00e0 cette comp\u00e9tition car d\u00e9cim\u00e9s par le Covid-19 avec pr\u00e8s de 15 joueurs et encadreurs test\u00e9s positifs. La f\u00e9d\u00e9ration zimbabw\u00e9enne avait m\u00eame \u00e9crit \u00e0 la CAF pour demander le report du tournoi, avant de revenir \u00e0 de meilleurs sentiments.<\/p>\n<p>Le Zimbabwe est donc \u00e0 l\u2019image de son adversaire, le Cameroun qui, \u00e0 d\u00e9faut d\u2019un championnat, a d\u00fb faire appel \u00e0 des joueurs sur la base de leurs performances ant\u00e9rieures pour certains, et sur la base des affinit\u00e9s pour d\u2019autres. A l\u2019\u00e9preuve des fait, il est donc difficile de d\u00e9signer le favori parmi les deux nations. Ce d\u2019autant plus que les Lions A\u2019 ont connu une pr\u00e9paration des plus chaotique sur le plan sportif, avec de tr\u00e8s mauvais r\u00e9sultats lors des matchs de pr\u00e9paration.<\/p>\n<p><strong>Yannick KENNE<\/strong><\/p>\n<p>Auteur: Eco Matin<br \/>\n<a href=\"https:\/\/ecomatin.net\/chan-2020-le-selectionneur-du-zimbabwe-deplore-la-difficile-preparation-de-son-equipe-a-cause-du-coronavirus\/\">Cliquez ici pour lire l&rsquo;article depuis sa source.<\/a><\/p>\n","protected":false},"excerpt":{"rendered":"<p>Le Zimbabwe affronte le Cameroun ce samedi 16 janvier 2021 au stade omnisports Ahmadou Ahidjo de Yaound\u00e9, en match inaugural du 6e\u00a0Championnat d\u2019Afrique des Nations (CHAN) de football. A la veille de cette confrontation, le s\u00e9lectionneur du Zimbabwe, le Croate\u00a0Zdravko Logarusic, a sacrifi\u00e9 au rituel de la conf\u00e9rence de presse d\u2019avant-match, au cours de laquelle [&hellip;]<\/p>\n","protected":false},"author":1969,"featured_media":0,"comment_status":"closed","ping_status":"closed","sticky":false,"template":"","format":"standard","meta":{"fifu_image_url":"","fifu_image_alt":"","footnotes":""},"categories":[82,78],"tags":[],"class_list":["post-109380","post","type-post","status-publish","format-standard","hentry","category-cameroun","category-economie"],"_links":{"self":[{"href":"https:\/\/linitiative.ca\/International\/wp-json\/wp\/v2\/posts\/109380","targetHints":{"allow":["GET"]}}],"collection":[{"href":"https:\/\/linitiative.ca\/International\/wp-json\/wp\/v2\/posts"}],"about":[{"href":"https:\/\/linitiative.ca\/International\/wp-json\/wp\/v2\/types\/post"}],"author":[{"embeddable":true,"href":"https:\/\/linitiative.ca\/International\/wp-json\/wp\/v2\/users\/1969"}],"replies":[{"embeddable":true,"href":"https:\/\/linitiative.ca\/International\/wp-json\/wp\/v2\/comments?post=109380"}],"version-history":[{"count":0,"href":"https:\/\/linitiative.ca\/International\/wp-json\/wp\/v2\/posts\/109380\/revisions"}],"wp:attachment":[{"href":"https:\/\/linitiative.ca\/International\/wp-json\/wp\/v2\/media?parent=109380"}],"wp:term":[{"taxonomy":"category","embeddable":true,"href":"https:\/\/linitiative.ca\/International\/wp-json\/wp\/v2\/categories?post=109380"},{"taxonomy":"post_tag","embeddable":true,"href":"https:\/\/linitiative.ca\/International\/wp-json\/wp\/v2\/tags?post=109380"}],"curies":[{"name":"wp","href":"https:\/\/api.w.org\/{rel}","templated":true}]}}