{"id":109381,"date":"2021-01-15T13:22:53","date_gmt":"2021-01-15T18:22:53","guid":{"rendered":"https:\/\/linitiative.ca\/International\/chan-2020-toutes-les-rencontres-se-joueront-a-guichets-fermes-narcisse-mouelle-kombi-ministre-des-sports-et-de-leducation-physique\/"},"modified":"2021-01-15T13:22:53","modified_gmt":"2021-01-15T18:22:53","slug":"chan-2020-toutes-les-rencontres-se-joueront-a-guichets-fermes-narcisse-mouelle-kombi-ministre-des-sports-et-de-leducation-physique","status":"publish","type":"post","link":"https:\/\/linitiative.ca\/International\/chan-2020-toutes-les-rencontres-se-joueront-a-guichets-fermes-narcisse-mouelle-kombi-ministre-des-sports-et-de-leducation-physique\/","title":{"rendered":"Chan 2020 : \u00ab toutes les rencontres se joueront \u00e0 guichets ferm\u00e9s \u00bb, Narcisse Mouelle Kombi, ministre des Sports et de l\u2019Education Physique"},"content":{"rendered":"<p><strong>Dans quelques jours, sera donn\u00e9 le coup d\u2019envoi du CHAN TOTAL 2021. En ce moment pr\u00e9cis, peut-on dire que le Cameroun est en r\u00e8gle vis-\u00e0-vis du cahier de charges de la CAF\u00a0?<\/strong><\/p>\n<p>Je vous remercie pour l\u2019int\u00e9r\u00eat que votre journal accorde aux activit\u00e9s du COCAN 20-21. Je voudrais pr\u00e9ciser d\u2019entr\u00e9e de jeu que le CHAN tout comme la CAN sont la propri\u00e9t\u00e9 exclusive de la Conf\u00e9d\u00e9ration Africaine de Football qui en d\u00e9termine les conditions d\u2019organisation \u00e0 travers les dispositions du Cahier de Charges. En amont de la tenue d\u2019un \u00e9v\u00e8nement sportif dans un pays, la CAF appr\u00e9cie de mani\u00e8re r\u00e9guli\u00e8re, \u00e0 travers des visites d\u2019inspection, si les dispositions du Cahier de charges sont respect\u00e9es. Pour le cas pr\u00e9cis du CHAN 2020 qui se d\u00e9roule, je le rappelle du 16 janvier au 7 f\u00e9vrier 2021 sur les sites de Yaound\u00e9-Mfandena, Douala-Japoma, Douala-Bepanda et Limbe-Buea, des missions d\u2019inspection se sont d\u00e9roul\u00e9es dans notre pays et sur tous les sites. Au cours de ces diff\u00e9rentes descentes,\u00a0\u00a0la CAF a proc\u00e9d\u00e9 \u00e0 la revue de tous les aspects li\u00e9s \u00e0 l\u2019organisation de cet \u00e9v\u00e9nement. Par ailleurs, le COCAN 20-21 et la CAF ont tenu par visioconf\u00e9rence, des s\u00e9ances de travail au cours desquelles les deux parties ont eu des \u00e9changes conviviaux visant \u00e0 finaliser tous\u00a0\u00a0les aspects li\u00e9s \u00e0 la tenue de ce prestigieux \u00e9v\u00e9nement sportif. Il s\u2019est d\u00e9gag\u00e9 aussi bien lors des visites d\u2019inspection qu\u2019\u00e0 l\u2019occasion des visioconf\u00e9rences, une convergence de vues et une volont\u00e9 commune de faire du prochain CHAN, une grande r\u00e9ussite. Les inspecteurs et les responsables de la CAF ont exprim\u00e9 leur satisfaction par rapport aux efforts du Cameroun dans la pr\u00e9paration du CHAN, dans un contexte particuli\u00e8rement difficile marqu\u00e9 par la pand\u00e9mie plan\u00e9taire du Covid 19. Je saisis d\u2019ailleurs l\u2019opportunit\u00e9 que vous m\u2019offrez pour remercier les responsables de la Conf\u00e9d\u00e9ration Africaine de Football pour l\u2019accompagnement dont notre pays ne cesse de b\u00e9n\u00e9ficier\u00a0\u00a0dans les pr\u00e9paratifs du CHAN 2020 et m\u00eame de la CAN 2021, ce qui d\u00e9note des bonnes relations entre le Cameroun et cette institution faiti\u00e8re du football africain.<\/p>\n<p><strong>Qu\u2019est ce qui a \u00e9t\u00e9 fait au niveau des pouvoirs publics pour que le pays soit \u00e0 jour au moment o\u00f9 le coup d\u2019envoi est donn\u00e9\u00a0?<\/strong><\/p>\n<p>L\u2019organisation d\u2019une comp\u00e9tition \u00e0 l\u2019instar du CHAN comporte trois principaux volets, \u00e0 savoir les infrastructures, l\u2019\u00e9v\u00e9nementiel et la pr\u00e9paration sportive. En ce qui concerne les infrastructures\u00a0\u00a0notamment sportives qui rel\u00e8vent de la comp\u00e9tence du Minist\u00e8re des Sports et de l\u2019Education Physique, le Cameroun dispose \u00e0 ce jour de 8 stades de comp\u00e9tition et de 27\u00a0\u00a0terrains d\u2019entrainement. Cela voudrait dire que le Cameroun est en surcapacit\u00e9 par rapport \u00e0 ce qui est pr\u00e9vu par le cahier de charges, m\u00eame pour la CAN que le Cameroun accueille en 2022. Aujourd\u2019hui, notre pays se pr\u00e9sente comme\u00a0\u00a0l\u2019un des pays les plus lotis en mati\u00e8re d\u2019infrastructures sportives modernes et futuristes en Afrique. Le programme de construction et de r\u00e9habilitation des infrastructures sportives marque la tr\u00e8s haute volont\u00e9 du Pr\u00e9sident de la R\u00e9publique, de doter la jeunesse sportive d\u2019infrastructures \u00e0 la hauteur de leurs prestigieuses prestations sportives, mais \u00e9galement de marquer l\u2019histoire \u00e0 travers l\u2019organisation de belles f\u00eates sportives dans le cadre du CHAN et de la CAN.<\/p>\n<p>Par ailleurs, les autres infrastructures, \u00e0 savoir h\u00f4teli\u00e8res, routi\u00e8res, a\u00e9roportuaires, hospitali\u00e8res, de communication et de t\u00e9l\u00e9communications constituent des pr\u00e9occupations permanentes des pouvoirs publics.<\/p>\n<p>Au-del\u00e0 des diff\u00e9rentes infrastructures, le volet \u00e9v\u00e9nementiel\u00a0\u00a0qui incombe au COCAN 20-21 \u00e0 travers ses diff\u00e9rents d\u00e9membrements que sont les Commissions centrales, la Direction du Tournoi et les comit\u00e9s de sites focalise les efforts des diff\u00e9rentes parties prenantes, l\u2019objectif \u00e9tant d\u2019assurer la mise en \u0153uvre de toutes les dispositions contenues dans le cahier de charges de la CAF.<\/p>\n<p>Enfin, la pr\u00e9paration sportive en cours devrait permettre \u00e0 notre \u00e9quipe nationale de r\u00e9aliser des performances honorables au cours de cette comp\u00e9tition.<\/p>\n<p>Comme vous le voyez si bien, l\u2019organisation au Cameroun des comp\u00e9titions de la CAF en 2021 et 2022 mobilise l\u2019ensemble des structures gouvernementales et leurs partenaires, sous la tr\u00e8s haute impulsion du Pr\u00e9sident de la R\u00e9publique et la coordination du Premier Ministre, Chef du Gouvernement, Pr\u00e9sident du COMIP-CAN.<\/p>\n<p><strong>En quelques chiffres, qu\u2019est-ce que cette comp\u00e9tition repr\u00e9sente en termes de co\u00fbts pour le tr\u00e9sor public camerounais\u00a0?<\/strong><\/p>\n<p>C\u2019est une \u00e9preuve difficile pour ma modeste personne en l\u2019\u00e9tat actuel\u00a0\u00a0des choses, car les activit\u00e9s li\u00e9es \u00e0 l\u2019organisation du CHAN et de la CAN sont multisectorielles. Il faut bien le rappeler, l\u2019organisation d\u2019un \u00e9v\u00e9nement \u00e0 l\u2019instar du CHAN ou de la CAN n\u2019est pas du seul ressort du Minist\u00e8re des Sports et de l\u2019Education Physique. Plusieurs d\u00e9partements minist\u00e9riels et structures, chacun dans son domaine de comp\u00e9tence, m\u00e8nent des actions qui visent \u00e0 r\u00e9pondre de mani\u00e8re pratique aux dispositions du cahier de charges de la CAF. Ce qui est \u00e9vident est que les moyens d\u00e9ploy\u00e9s par l\u2019Etat \u00e0 cet effet sont colossaux, \u00e0 la hauteur de la tr\u00e8s haute vision du Pr\u00e9sident Paul BIYA dont la d\u00e9cision de doter la jeunesse sportive de belles et magnifiques infrastructures est une reconnaissance affirm\u00e9e des prouesses r\u00e9alis\u00e9es par les athl\u00e8tes camerounais toutes disciplines confondues. Des infrastructures qui feront d\u00e9sormais\u00a0\u00a0de notre pays, le centre de gravit\u00e9 de la tenue\u00a0\u00a0des \u00e9v\u00e9nements sportifs d\u2019envergure.<\/p>\n<p><strong>Quel est le niveau d\u2019implication du secteur priv\u00e9 dans l\u2019accueil de cet \u00e9v\u00e9nement\u00a0?<\/strong><\/p>\n<p>Le secteur priv\u00e9 est bien impliqu\u00e9 dans les pr\u00e9paratifs de du CHAN et de la CAN. Que ce soit au niveau de la construction ou la r\u00e9habilitation des infrastructures sportives, h\u00f4teli\u00e8res, hospitali\u00e8res, a\u00e9roportuaires, de communication et de t\u00e9l\u00e9communications, les entreprises nationales ont \u00e9t\u00e9 pr\u00e9sentes sur plusieurs chantiers. Il en est de m\u00eame en ce qui concerne le volet \u00e9v\u00e9nementiel. Je voudrais d\u2019ailleurs remercier les entreprises nationales et internationales qui ont particip\u00e9 \u00e0 cette gigantesque \u0153uvre qui a permis \u00e0 notre pays de se doter de belles infrastructures dans plusieurs domaines.<\/p>\n<p><strong>La crise sanitaire actuelle a amen\u00e9 la CAF \u00e0 r\u00e9duire le nombre de supporters dans les stades\u00a0; comment est-ce que le Comit\u00e9 Local d\u2019Organisation du CHAN g\u00e8re-t-il\u00a0\u00a0cette contrainte\u00a0?<\/strong><\/p>\n<p>La contrainte Covid 19 est une donn\u00e9e fondamentale \u00e0 prendre en compte dans l\u2019organisation du CHAN Total Cameroun2020. Il faut bien le rappeler, depuis l\u2019av\u00e8nement de cette pand\u00e9mie plan\u00e9taire, c\u2019est pour la premi\u00e8re fois qu\u2019un \u00e9v\u00e9nement sportif sera organis\u00e9 avec la pr\u00e9sence des spectateurs. Il convient d\u2019\u00eatre pr\u00e9cautionneux et prudent. A cet effet,\u00a0\u00a0la Conf\u00e9d\u00e9ration Africaine de Football\u00a0\u00a0et le Cameroun, en respect du protocole Covid 19 \u00e9tabli par l\u2019instance faiti\u00e8re du football africain et la FIFA, ont convenu des mesures drastiques \u00e0 prendre pour \u00e9viter que cet \u00e9v\u00e9nement ne soit une occasion de propagation \u00e0 large spectre de cette pand\u00e9mie. La premi\u00e8re mesure concerne\u00a0\u00a0les taux d\u2019occupation des stades lors des matchs qui ont \u00e9t\u00e9\u00a0\u00a0fix\u00e9s \u00e0\u00a025% pour tous les matchs de groupes, y compris le match d\u2019ouverture\u00a0et 50% pour les demi-finales et finales. Il a \u00e9t\u00e9 \u00e9galement mis en place un dispositif sp\u00e9cial de marquage des places assises dans les stades de comp\u00e9tition en fonction de la capacit\u00e9 d\u2019occupation autoris\u00e9e.<\/p>\n<p>Par cons\u00e9quent, l\u2019entr\u00e9e aux divers stades de comp\u00e9tition\u00a0\u00a0sera exclusivement et restrictivement r\u00e9serv\u00e9e aux personnes munies d\u2019un billet valide ou d\u2019un titre d\u2019acc\u00e8s officiel. Les billets d\u2019entr\u00e9e ont \u00e9t\u00e9 imprim\u00e9s en tenant compte des taux autoris\u00e9s et mis en vente depuis le 11 janvier 2021 sur les diff\u00e9rents points qui ont \u00e9t\u00e9 communiqu\u00e9s au public.<\/p>\n<p>Comme autre mesure, il a \u00e9t\u00e9 convenu que toutes les rencontres se joueront \u00e0 guichets ferm\u00e9s. Bien plus, le strict respect du protocole Covid 19 dans les stades sera imp\u00e9ratif. A cet effet, le port obligatoire du masque par tous et la distanciation requise seront rigoureusement exig\u00e9s. Les Volontaires qui seront pr\u00e9sents dans les stades ainsi que la s\u00e9curit\u00e9 \u00e0 travers notamment les \u00e9crans de surveillance diss\u00e9min\u00e9s dans les diff\u00e9rents stades veilleront \u00e0 rendre cette mesure effective.\u00a0<\/p>\n<p>Le non-respect des mesures pr\u00e9conis\u00e9es expose les \u00e9ventuels contrevenants au risque d\u2019expulsion du stade.<\/p>\n<p>Sans \u00eatre exhaustif, il y a la mesure du testing des diff\u00e9rentes d\u00e9l\u00e9gations et autres invit\u00e9s \u00e0 partir de nos a\u00e9roports, sans oublier les autres gestes \u00e0 l\u2019instar de l\u2019utilisation des gels hydroalcoolique\u00a0\u00a0et le lavage des mains avec de l\u2019eau propre et du savon.<\/p>\n<p>Je voudrais en appeler \u00e0 la compr\u00e9hension, au civisme, au patriotisme, au sens de la discipline et au respect des consignes de s\u00e9curit\u00e9\u00a0\u00a0dans les stades en vue de l\u2019observance rigoureuse des mesures sus-indiqu\u00e9es et bien d\u2019autres. Nous conscient du fait que plusieurs Camerounais d\u00e9sireux de se rendre dans les stades ne pourront pas le faire \u00e0 cause du nombre restreint des billets. Raison pour laquelle le COCAN et la CAF ont mis en place d\u2019autres activations pour permettre au public de vivre les spectacles sportifs et culturels, notamment \u00e0 travers des fans-zones s\u00e9curis\u00e9es sur les diff\u00e9rents sites dans lesquelles le respect des mesures de pr\u00e9vention contre le Covid 19 sera \u00e9galement de rigueur.\u00a0<\/p>\n<p><strong>La caravane de la mascotte a \u00e9t\u00e9 un premier test de popularit\u00e9 de cet \u00e9v\u00e9nement qui c\u00e9l\u00e8bre le talent sportif africain. Quelles premi\u00e8res le\u00e7ons avez-vous tir\u00e9es en termes de r\u00e9ception de cette comp\u00e9tition aupr\u00e8s de la population camerounaise\u00a0?<\/strong><\/p>\n<p>Partout o\u00f9 elle est pass\u00e9e, \u00e0 Yaound\u00e9, Douala, Buea et Limbe, la mascotte Tara a re\u00e7u en toute s\u00e9curit\u00e9 une exceptionnelle ovation et une totale adh\u00e9sion des populations \u00e0 ce concept. Ce qui nous permet d\u2019envisager un CHAN chaleureux et convivial, dans le respect des contraintes que nous impose le covid 19 et dans des conditions s\u00e9curitaires appropri\u00e9es.<\/p>\n<p><strong>Pour vous qui avez r\u00e9guli\u00e8rement\u00a0\u00a0suivi la pr\u00e9paration de notre \u00e9quipe nationale, quel\u00a0\u00a0est votre pronostic pour cette comp\u00e9tition\u00a0?<\/strong>Les ambitions de notre pays sont connues, \u00e0 savoir organiser une belle f\u00eate sportive et permettre \u00e0 notre pays, de r\u00e9aliser une performance honorable lors de cette comp\u00e9tition. Il est vrai que les r\u00e9sultats obtenus par notre \u00e9quipe lors des matchs de pr\u00e9paration sont mitig\u00e9s. Mais les joueurs et leurs encadreurs sont bien conscients des attentes et des espoirs plac\u00e9s en eux pour cette comp\u00e9tition par les Camerounais. Nous pensons fermement que les Lions A\u2019 feront preuve de fighting spirit reconnu aux athl\u00e8tes camerounais leur adjuvant afin de faire vibrer leurs nombreux fans lors de cette comp\u00e9tition.<\/p>\n<p>Auteur: Cedrick JIONGO<br \/>\n<a href=\"https:\/\/ecomatin.net\/chan-2020-toutes-les-rencontres-se-joueront-a-guichets-fermes-narcisse-mouelle-kombi-ministre-des-sports-et-de-leducation-physique\/\">Cliquez ici pour lire l&rsquo;article depuis sa source.<\/a><\/p>\n","protected":false},"excerpt":{"rendered":"<p>Dans quelques jours, sera donn\u00e9 le coup d\u2019envoi du CHAN TOTAL 2021. En ce moment pr\u00e9cis, peut-on dire que le Cameroun est en r\u00e8gle vis-\u00e0-vis du cahier de charges de la CAF\u00a0? Je vous remercie pour l\u2019int\u00e9r\u00eat que votre journal accorde aux activit\u00e9s du COCAN 20-21. Je voudrais pr\u00e9ciser d\u2019entr\u00e9e de jeu que le CHAN [&hellip;]<\/p>\n","protected":false},"author":1969,"featured_media":0,"comment_status":"closed","ping_status":"closed","sticky":false,"template":"","format":"standard","meta":{"fifu_image_url":"","fifu_image_alt":"","footnotes":""},"categories":[82,78],"tags":[],"class_list":["post-109381","post","type-post","status-publish","format-standard","hentry","category-cameroun","category-economie"],"_links":{"self":[{"href":"https:\/\/linitiative.ca\/International\/wp-json\/wp\/v2\/posts\/109381","targetHints":{"allow":["GET"]}}],"collection":[{"href":"https:\/\/linitiative.ca\/International\/wp-json\/wp\/v2\/posts"}],"about":[{"href":"https:\/\/linitiative.ca\/International\/wp-json\/wp\/v2\/types\/post"}],"author":[{"embeddable":true,"href":"https:\/\/linitiative.ca\/International\/wp-json\/wp\/v2\/users\/1969"}],"replies":[{"embeddable":true,"href":"https:\/\/linitiative.ca\/International\/wp-json\/wp\/v2\/comments?post=109381"}],"version-history":[{"count":0,"href":"https:\/\/linitiative.ca\/International\/wp-json\/wp\/v2\/posts\/109381\/revisions"}],"wp:attachment":[{"href":"https:\/\/linitiative.ca\/International\/wp-json\/wp\/v2\/media?parent=109381"}],"wp:term":[{"taxonomy":"category","embeddable":true,"href":"https:\/\/linitiative.ca\/International\/wp-json\/wp\/v2\/categories?post=109381"},{"taxonomy":"post_tag","embeddable":true,"href":"https:\/\/linitiative.ca\/International\/wp-json\/wp\/v2\/tags?post=109381"}],"curies":[{"name":"wp","href":"https:\/\/api.w.org\/{rel}","templated":true}]}}