{"id":109382,"date":"2021-01-16T06:01:38","date_gmt":"2021-01-16T11:01:38","guid":{"rendered":"https:\/\/linitiative.ca\/International\/kariat-arekmane-vol-par-effraction-au-sein-dune-agence-de-transfert-dargent\/"},"modified":"2021-01-16T06:01:38","modified_gmt":"2021-01-16T11:01:38","slug":"kariat-arekmane-vol-par-effraction-au-sein-dune-agence-de-transfert-dargent","status":"publish","type":"post","link":"https:\/\/linitiative.ca\/International\/kariat-arekmane-vol-par-effraction-au-sein-dune-agence-de-transfert-dargent\/","title":{"rendered":"Kariat Arekmane : Vol par effraction au sein d\u2019une agence de transfert d\u2019argent"},"content":{"rendered":"<header>\n<\/header>\n<div class=\"entry-content clearfix\" readability=\"46\"><img decoding=\"async\" class=\"post_layout_5_img\" src=\"http:\/\/aujourdhui.ma\/wp-content\/uploads\/2016\/11\/Gendarmerie-Arrestation-Malfrat.jpg\" alt=\"Kariat Arekmane : Vol par effraction au sein d&#x2019;une agence de transfert d&#x2019;argent\"\/><\/p>\n<p><span class=\"c5\"><strong>A Kariat Arekmane situ\u00e9e \u00e0 vingt-cinq kilom\u00e8tres de la ville de Nador, les \u00e9l\u00e9ments de la gendarmerie royale ont mis hors d\u2019\u00e9tat de nuire un homme de trente-cinq ans qui a p\u00e9n\u00e9tr\u00e9, derni\u00e8rement, apr\u00e8s effraction, \u00e0 l\u2019int\u00e9rieur d\u2019une agence de transfert d\u2019argent et mis la main sur une importante somme avant de prendre la poudre d\u2019escampette.<\/strong><\/span><span id=\"more-365673\"\/><\/p>\n<p>Les voisins de l\u2019agence qui ont entendu le signal d\u2019alarme ont alert\u00e9 les gendarmes lesquels se sont d\u00e9p\u00each\u00e9s sur les lieux. L\u2019examen des vid\u00e9osurveillances implant\u00e9es tout autour de l\u2019agence et les t\u00e9moignages de quelques voisins qui ont vu le cambrioleur prendre ses jambes \u00e0 son cou ont permis aux enqu\u00eateurs d\u2019identifier le mis en cause et de l\u2019arr\u00eater quelques heures plus tard. Apr\u00e8s une fouille corporelle, les enqu\u00eateurs ont saisi une importante partie de la somme vol\u00e9e. Soumis aux interrogatoires, il a avou\u00e9 son crime tout en expliquant qu\u2019il a utilis\u00e9 une barre en fer pour briser la cl\u00f4ture de l\u2019agence et y entrer.<\/p>\n<\/div>\n<p>Auteur: Abderrafii ALOUMLIKI<br \/>\n<a href=\"https:\/\/aujourdhui.ma\/faits-divers\/kariat-arekmane-vol-par-effraction-au-sein-dune-agence-de-transfert-dargent\">Cliquez ici pour lire l&rsquo;article depuis sa source.<\/a><\/p>\n","protected":false},"excerpt":{"rendered":"<p>A Kariat Arekmane situ\u00e9e \u00e0 vingt-cinq kilom\u00e8tres de la ville de Nador, les \u00e9l\u00e9ments de la gendarmerie royale ont mis hors d\u2019\u00e9tat de nuire un homme de trente-cinq ans qui a p\u00e9n\u00e9tr\u00e9, derni\u00e8rement, apr\u00e8s effraction, \u00e0 l\u2019int\u00e9rieur d\u2019une agence de transfert d\u2019argent et mis la main sur une importante somme avant de prendre la poudre [&hellip;]<\/p>\n","protected":false},"author":1759,"featured_media":0,"comment_status":"closed","ping_status":"closed","sticky":false,"template":"","format":"standard","meta":{"fifu_image_url":"http:\/\/aujourdhui.ma\/wp-content\/uploads\/2016\/11\/Gendarmerie-Arrestation-Malfrat.jpg","fifu_image_alt":"Kariat Arekmane : Vol par effraction au sein d\u2019une agence de transfert d\u2019argent","footnotes":""},"categories":[73,54],"tags":[],"class_list":["post-109382","post","type-post","status-publish","format-standard","hentry","category-actualite","category-maroc"],"_links":{"self":[{"href":"https:\/\/linitiative.ca\/International\/wp-json\/wp\/v2\/posts\/109382","targetHints":{"allow":["GET"]}}],"collection":[{"href":"https:\/\/linitiative.ca\/International\/wp-json\/wp\/v2\/posts"}],"about":[{"href":"https:\/\/linitiative.ca\/International\/wp-json\/wp\/v2\/types\/post"}],"author":[{"embeddable":true,"href":"https:\/\/linitiative.ca\/International\/wp-json\/wp\/v2\/users\/1759"}],"replies":[{"embeddable":true,"href":"https:\/\/linitiative.ca\/International\/wp-json\/wp\/v2\/comments?post=109382"}],"version-history":[{"count":0,"href":"https:\/\/linitiative.ca\/International\/wp-json\/wp\/v2\/posts\/109382\/revisions"}],"wp:attachment":[{"href":"https:\/\/linitiative.ca\/International\/wp-json\/wp\/v2\/media?parent=109382"}],"wp:term":[{"taxonomy":"category","embeddable":true,"href":"https:\/\/linitiative.ca\/International\/wp-json\/wp\/v2\/categories?post=109382"},{"taxonomy":"post_tag","embeddable":true,"href":"https:\/\/linitiative.ca\/International\/wp-json\/wp\/v2\/tags?post=109382"}],"curies":[{"name":"wp","href":"https:\/\/api.w.org\/{rel}","templated":true}]}}