{"id":109383,"date":"2021-01-16T06:11:53","date_gmt":"2021-01-16T11:11:53","guid":{"rendered":"https:\/\/linitiative.ca\/International\/tourisme-abdellatif-kabbaj-elu-personnalite-de-lannee\/"},"modified":"2021-01-16T06:11:53","modified_gmt":"2021-01-16T11:11:53","slug":"tourisme-abdellatif-kabbaj-elu-personnalite-de-lannee","status":"publish","type":"post","link":"https:\/\/linitiative.ca\/International\/tourisme-abdellatif-kabbaj-elu-personnalite-de-lannee\/","title":{"rendered":"Tourisme: Abdellatif Kabbaj \u00e9lu personnalit\u00e9 de l\u2019ann\u00e9e"},"content":{"rendered":"<header>\n<\/header>\n<div class=\"entry-content clearfix\" readability=\"62\"><img decoding=\"async\" class=\"post_layout_5_img\" src=\"http:\/\/aujourdhui.ma\/wp-content\/uploads\/2021\/01\/Tourisme-Abdellatif-Kabbaj-et-El-Fakir-ONMT.jpg\" alt=\"Tourisme: Abdellatif Kabbaj &#xE9;lu personnalit&#xE9; de l&#x2019;ann&#xE9;e\"\/><\/p>\n<p><span class=\"c5\"><strong>Le pr\u00e9sident de la Conf\u00e9d\u00e9ration nationale du tourisme (CNT) pl\u00e9biscit\u00e9 par les op\u00e9rateurs du secteur.<\/strong><\/span><span id=\"more-365727\"\/><\/p>\n<p>En effet, Abdellatif Kabbaj, a \u00e9t\u00e9 \u00e9lu, vendredi soir \u00e0 Dakhla, personnalit\u00e9 du secteur touristique au titre de 2021, lors d\u2019une c\u00e9r\u00e9monie organis\u00e9e par le m\u00e9dia online sp\u00e9cialis\u00e9 \u00ab\u00a0Tourisma Post\u00a0\u00bb.<br \/>Dans une d\u00e9claration \u00e0 l\u2019agence MAP, M. Kabbaj s\u2019est dit heureux de sa \u00e9lection en tant que \u00ab Personnalit\u00e9 2021 du secteur du tourisme \u00bb, consid\u00e9rant que ce choix vient apr\u00e8s 50 ans de travail dans le domaine.<\/p>\n<p>De m\u00eame, il s\u2019est f\u00e9licit\u00e9 de l\u2019organisation de cet \u00e9v\u00e9nement \u00e0 Dakhla qui a \u00e9t\u00e9 d\u00e9sign\u00e9e comme destination de r\u00eave cette ann\u00e9e, appelant les op\u00e9rateurs du tourisme \u00e0 investir davantage dans cette ville et \u00e0 \u0153uvrer davantage pour soutenir cette dynamique que conna\u00eet le secteur.<\/p>\n<p>Par ailleurs, le pr\u00e9sident de la CNT a not\u00e9 que malgr\u00e9 cette p\u00e9riode de pand\u00e9mie, les professionnels du secteur militent pour que l\u2019industrie du tourisme qui contribue grandement \u00e0 l\u2019\u00e9conomie nationale, puisse continuer \u00e0 se d\u00e9velopper, \u00e0 travers la mobilisation des diff\u00e9rents op\u00e9rateurs du secteur, ajoutant que cela d\u00e9montre une v\u00e9ritable capacit\u00e9 de r\u00e9silience pour assurer la reprise. A noter que le prix a \u00e9t\u00e9 remis au pr\u00e9sident du CNT par M. El Fakir, DG de l\u2019ONMT.<\/p>\n<\/div>\n<p>Auteur: ALM<br \/>\n<a href=\"https:\/\/aujourdhui.ma\/economie\/tourisme-abdellatif-kabbaj-elu-personnalite-de-lannee\">Cliquez ici pour lire l&rsquo;article depuis sa source.<\/a><\/p>\n","protected":false},"excerpt":{"rendered":"<p>Le pr\u00e9sident de la Conf\u00e9d\u00e9ration nationale du tourisme (CNT) pl\u00e9biscit\u00e9 par les op\u00e9rateurs du secteur. En effet, Abdellatif Kabbaj, a \u00e9t\u00e9 \u00e9lu, vendredi soir \u00e0 Dakhla, personnalit\u00e9 du secteur touristique au titre de 2021, lors d\u2019une c\u00e9r\u00e9monie organis\u00e9e par le m\u00e9dia online sp\u00e9cialis\u00e9 \u00ab\u00a0Tourisma Post\u00a0\u00bb.Dans une d\u00e9claration \u00e0 l\u2019agence MAP, M. Kabbaj s\u2019est dit heureux [&hellip;]<\/p>\n","protected":false},"author":1759,"featured_media":0,"comment_status":"closed","ping_status":"closed","sticky":false,"template":"","format":"standard","meta":{"fifu_image_url":"http:\/\/aujourdhui.ma\/wp-content\/uploads\/2021\/01\/Tourisme-Abdellatif-Kabbaj-et-El-Fakir-ONMT.jpg","fifu_image_alt":"Tourisme: Abdellatif Kabbaj \u00e9lu personnalit\u00e9 de l\u2019ann\u00e9e","footnotes":""},"categories":[73,54],"tags":[],"class_list":["post-109383","post","type-post","status-publish","format-standard","hentry","category-actualite","category-maroc"],"_links":{"self":[{"href":"https:\/\/linitiative.ca\/International\/wp-json\/wp\/v2\/posts\/109383","targetHints":{"allow":["GET"]}}],"collection":[{"href":"https:\/\/linitiative.ca\/International\/wp-json\/wp\/v2\/posts"}],"about":[{"href":"https:\/\/linitiative.ca\/International\/wp-json\/wp\/v2\/types\/post"}],"author":[{"embeddable":true,"href":"https:\/\/linitiative.ca\/International\/wp-json\/wp\/v2\/users\/1759"}],"replies":[{"embeddable":true,"href":"https:\/\/linitiative.ca\/International\/wp-json\/wp\/v2\/comments?post=109383"}],"version-history":[{"count":0,"href":"https:\/\/linitiative.ca\/International\/wp-json\/wp\/v2\/posts\/109383\/revisions"}],"wp:attachment":[{"href":"https:\/\/linitiative.ca\/International\/wp-json\/wp\/v2\/media?parent=109383"}],"wp:term":[{"taxonomy":"category","embeddable":true,"href":"https:\/\/linitiative.ca\/International\/wp-json\/wp\/v2\/categories?post=109383"},{"taxonomy":"post_tag","embeddable":true,"href":"https:\/\/linitiative.ca\/International\/wp-json\/wp\/v2\/tags?post=109383"}],"curies":[{"name":"wp","href":"https:\/\/api.w.org\/{rel}","templated":true}]}}