{"id":109384,"date":"2021-01-16T08:05:02","date_gmt":"2021-01-16T13:05:02","guid":{"rendered":"https:\/\/linitiative.ca\/International\/agadir-un-officier-principal-de-police-ecope-de-5-mois-de-prison-ferme\/"},"modified":"2021-01-16T08:05:02","modified_gmt":"2021-01-16T13:05:02","slug":"agadir-un-officier-principal-de-police-ecope-de-5-mois-de-prison-ferme","status":"publish","type":"post","link":"https:\/\/linitiative.ca\/International\/agadir-un-officier-principal-de-police-ecope-de-5-mois-de-prison-ferme\/","title":{"rendered":"Agadir : Un officier principal de police \u00e9cope de 5 mois  de prison ferme"},"content":{"rendered":"<header>\n<\/header>\n<div class=\"entry-content clearfix\" readability=\"43\"><img decoding=\"async\" class=\"post_layout_5_img\" src=\"http:\/\/aujourdhui.ma\/wp-content\/uploads\/2018\/03\/Juge-Magistrat-Maroc.jpg\" alt=\"Agadir : Un officier principal de police &#xE9;cope de 5 mois de prison ferme\"\/><\/p>\n<p><strong>Jug\u00e9 coupable pour l\u2019\u00e9tablissement d\u2019un certificat relatant des faits mat\u00e9riellement inexacts, un officier principal de police a \u00e9t\u00e9 condamn\u00e9, mardi dernier, par la chambre criminelle pr\u00e8s la Cour d\u2019appel d\u2019Agadir, \u00e0 cinq mois de prison ferme assortie d\u2019une amende de mille dirhams.<\/strong> <span id=\"more-365678\"\/>La Cour charg\u00e9e de l\u2019examen de l\u2019affaire n\u2019a pas retenu contre le mis en cause l\u2019accusation de corruption ni celle de falsification d\u2019un cachet \u00e0 caract\u00e8re national et usage de faux dans un document d\u00e9livr\u00e9 par une administration publique. Un autre suspect impliqu\u00e9 dans cette affaire a \u00e9cop\u00e9 de trois mois de prison ferme assortie d\u2019une amende de trois cents dirhams.<br \/>En effet, selon l\u2019acte d\u2019accusation, cet officier principal de police qui exer\u00e7ait dans un arrondissement de la ville d\u2019Agadir a \u00e9t\u00e9 arr\u00eat\u00e9, en mois d\u2019ao\u00fbt dernier, apr\u00e8s qu\u2019une enqu\u00eate polici\u00e8re a r\u00e9v\u00e9l\u00e9 son implication dans la confection d\u2019un certificat de r\u00e9sidence en faveur d\u2019une personne en vue d\u2019obtenir la carte d\u2019identit\u00e9 nationale.<\/p>\n<\/div>\n<p>Auteur: Abderrafii ALOUMLIKI<br \/>\n<a href=\"https:\/\/aujourdhui.ma\/faits-divers\/agadir-un-officier-principal-de-police-ecope-de-5-mois-de-prison-ferme\">Cliquez ici pour lire l&rsquo;article depuis sa source.<\/a><\/p>\n","protected":false},"excerpt":{"rendered":"<p>Jug\u00e9 coupable pour l\u2019\u00e9tablissement d\u2019un certificat relatant des faits mat\u00e9riellement inexacts, un officier principal de police a \u00e9t\u00e9 condamn\u00e9, mardi dernier, par la chambre criminelle pr\u00e8s la Cour d\u2019appel d\u2019Agadir, \u00e0 cinq mois de prison ferme assortie d\u2019une amende de mille dirhams. La Cour charg\u00e9e de l\u2019examen de l\u2019affaire n\u2019a pas retenu contre le mis [&hellip;]<\/p>\n","protected":false},"author":1759,"featured_media":0,"comment_status":"closed","ping_status":"closed","sticky":false,"template":"","format":"standard","meta":{"fifu_image_url":"http:\/\/aujourdhui.ma\/wp-content\/uploads\/2018\/03\/Juge-Magistrat-Maroc.jpg","fifu_image_alt":"Agadir : Un officier principal de police \u00e9cope de 5 mois  de prison ferme","footnotes":""},"categories":[73,54],"tags":[],"class_list":["post-109384","post","type-post","status-publish","format-standard","hentry","category-actualite","category-maroc"],"_links":{"self":[{"href":"https:\/\/linitiative.ca\/International\/wp-json\/wp\/v2\/posts\/109384","targetHints":{"allow":["GET"]}}],"collection":[{"href":"https:\/\/linitiative.ca\/International\/wp-json\/wp\/v2\/posts"}],"about":[{"href":"https:\/\/linitiative.ca\/International\/wp-json\/wp\/v2\/types\/post"}],"author":[{"embeddable":true,"href":"https:\/\/linitiative.ca\/International\/wp-json\/wp\/v2\/users\/1759"}],"replies":[{"embeddable":true,"href":"https:\/\/linitiative.ca\/International\/wp-json\/wp\/v2\/comments?post=109384"}],"version-history":[{"count":0,"href":"https:\/\/linitiative.ca\/International\/wp-json\/wp\/v2\/posts\/109384\/revisions"}],"wp:attachment":[{"href":"https:\/\/linitiative.ca\/International\/wp-json\/wp\/v2\/media?parent=109384"}],"wp:term":[{"taxonomy":"category","embeddable":true,"href":"https:\/\/linitiative.ca\/International\/wp-json\/wp\/v2\/categories?post=109384"},{"taxonomy":"post_tag","embeddable":true,"href":"https:\/\/linitiative.ca\/International\/wp-json\/wp\/v2\/tags?post=109384"}],"curies":[{"name":"wp","href":"https:\/\/api.w.org\/{rel}","templated":true}]}}