{"id":109385,"date":"2021-01-16T08:30:07","date_gmt":"2021-01-16T13:30:07","guid":{"rendered":"https:\/\/linitiative.ca\/International\/entretien-avec-abdelfattah-serrari-realisateur-et-producteur\/"},"modified":"2021-01-16T08:30:07","modified_gmt":"2021-01-16T13:30:07","slug":"entretien-avec-abdelfattah-serrari-realisateur-et-producteur","status":"publish","type":"post","link":"https:\/\/linitiative.ca\/International\/entretien-avec-abdelfattah-serrari-realisateur-et-producteur\/","title":{"rendered":"Entretien avec Abdelfattah Serrari : R\u00e9alisateur  et producteur"},"content":{"rendered":"<p><img decoding=\"async\" class=\"post_layout_5_img\" src=\"http:\/\/aujourdhui.ma\/wp-content\/uploads\/2021\/01\/Abdelfattah-Serrari.jpg\" alt=\"Entretien avec Abdelfattah Serrari : R&#xE9;alisateur et producteur\"\/><\/p>\n<p><span class=\"c5\"><strong>Abdelfattah Serrari a r\u00e9cemment r\u00e9alis\u00e9 un court-m\u00e9trage intitul\u00e9 \u00abCV\u00bb. Il parle de l\u2019id\u00e9e de cette \u0153uvre qui a \u00e9galement particip\u00e9 dans quelques festivals et re\u00e7u deux prix en attendant sa sortie officielle.<\/strong><\/span> <span id=\"more-365666\"\/><\/p>\n<p><strong><span class=\"c6\">ALM<\/span> : Vous avez r\u00e9cemment r\u00e9alis\u00e9 un nouveau court-m\u00e9trage appel\u00e9 \u00abCV\u00bb. Un intitul\u00e9 qui renvoie \u00e0 un sujet toujours d\u2019actualit\u00e9. Au-del\u00e0 de son intrigue, veuillez bien nous parler de son id\u00e9e\u2026<\/strong><\/p>\n<p><strong><span class=\"c6\">Abdelfattah Serrari<\/span><\/strong> : Un de ces jours, une amie m\u2019a contact\u00e9 pour me proposer de r\u00e9aliser un film pour sa bo\u00eete de production. Cet appel \u00e9tait tr\u00e8s sp\u00e9cial. Elle m\u2019a confi\u00e9 qu\u2019elle m\u2019a appel\u00e9 les larmes aux yeux parce qu\u2019elle venait de regarder un de mes courts-m\u00e9trages qu\u2019elle trouvait tr\u00e8s touchant. Cela m\u2019a, \u00e0 mon tour, touch\u00e9 et j\u2019ai fini par accepter. Donc elle m\u2019a envoy\u00e9 le sc\u00e9nario, je l\u2019ai lu et essay\u00e9 de l\u2019adapter en ajoutant quelques touches personnelles pour que cela puisse porter plus de messages. Donc nous avons film\u00e9 pendant trois jours mais c\u2019\u00e9tait trop dur parce que nous avons fini avec quelques difficult\u00e9s en post-production. D\u00e9j\u00e0, les courts-m\u00e9trages n\u2019ont pas le m\u00eame budget que les longs. Aussi, les producteurs ne prennent pas au s\u00e9rieux les courts-m\u00e9trages au Maroc parce que la production d\u2019un court-m\u00e9trage est faite seulement pour avoir l\u2019agr\u00e9ment. Pour ma part, j\u2019ai, quand m\u00eame, particip\u00e9 \u00e0 la production et post-production de \u00abCV\u00bb.<\/p>\n<p><strong>Alors \u00e0 quand la sortie nationale de ce film ?<\/strong><\/p>\n<p>Avec Covid-19, nous \u00e9tions oblig\u00e9s de tout reporter pour presque une ann\u00e9e. Pour l\u2019heure, le film a particip\u00e9 dans quelques festivals et re\u00e7u deux prix. C\u2019est encourageant pour moi. Esp\u00e9rons que cette ann\u00e9e sera plus positive et plus saine.<\/p>\n<p><strong>Nous avons eu l\u2019occasion d\u2019\u00e9changer en 2016 \u00e0 propos de votre court-m\u00e9trage \u00abLwalida\u00bb. Qu\u2019est-ce qui s\u2019est pass\u00e9 entre-temps?<\/strong><\/p>\n<p>C\u2019\u00e9tait mon premier film \u00abLwalida\u00bb, dont j\u2019ai \u00e9galement con\u00e7u le sc\u00e9nario. Il \u00e9tait aussi tr\u00e8s sp\u00e9cial pour moi parce qu\u2019il a pu remporter 14 Prix dans des festivals au Maroc et \u00e0 l\u2019\u00e9tranger. Entre-temps, j\u2019ai pens\u00e9 \u00e0 la carte de r\u00e9alisateur. Pour l\u2019avoir, il faut passer par la r\u00e9alisation d\u2019un long-m\u00e9trage ou de trois courts-m\u00e9trages. J\u2019ai bien s\u00fbr choisi ceux-ci parce qu\u2019en r\u00e9alisant les trois courts, on a le temps n\u00e9cessaire pour apprendre et se d\u00e9velopper.<\/p>\n<p><strong>Donc vous avez atteint combien de productions ?<\/strong><\/p>\n<p>Mon film \u00abCV\u00bb est, pour l\u2019instant, ma troisi\u00e8me \u0153uvre. Je pense que ce sera mon dernier court-m\u00e9trage. Par l\u2019occasion, ce qui m\u2019a encourag\u00e9 \u00e0 continuer dans la r\u00e9alisation, c\u2019\u00e9tait un auto-test. Pour ce faire, j\u2019ai parl\u00e9 \u00e0 de grands et anciens r\u00e9alisateurs marocains qui m\u2019ont encourag\u00e9. Ainsi, j\u2019ai eu de la mati\u00e8re cin\u00e9matographique. Je me suis dit pourquoi ne pas continuer dans la r\u00e9alisation. Comme \u00e7a je vais porter une deuxi\u00e8me casquette puisque je suis \u00e9galement producteur agr\u00e9\u00e9.<\/p>\n<p><strong>Vous faites partie de la nouvelle g\u00e9n\u00e9ration de r\u00e9alisateurs. Comment vous vous distinguez d\u2019eux ?<\/strong><\/p>\n<p>On peut parler d\u2019une relation de continuit\u00e9 entre les deux g\u00e9n\u00e9rations. Cependant, on ne peut pas parler de la qualit\u00e9 parce qu\u2019il y a du progr\u00e8s avec le temps, ce qui est normal. Pour la qualit\u00e9, il y a aussi plus d\u2019\u00e9coles de cin\u00e9ma au Maroc. Il y en a \u00e0 Marrakech, Ouarzazate, Rabat et Casablanca et elles sont nombreuses. Donc il y a plus d\u2019acc\u00e8s \u00e0 la formation. Avant il n\u2019y en avait pas. Ce qui est plus important, c\u2019est aussi l\u2019acc\u00e8s aux oeuvres. Le digital nous a tous facilit\u00e9 l\u2019acc\u00e8s aux grands films internationaux. En tout, nous sommes l\u00e0 pour apprendre de la premi\u00e8re g\u00e9n\u00e9ration, cr\u00e9er une valeur ajout\u00e9e et avoir le courage. Avant il y avait toujours une certaine censure et elle existe toujours. Il faut juste avoir l\u2019intelligence pour s\u2019exprimer et d\u00e9fendre nos id\u00e9es.<\/p>\n<p>Auteur: Salima Guisser<br \/>\n<a href=\"https:\/\/aujourdhui.ma\/culture\/entretien-avec-abdelfattah-serrari-realisateur-et-producteur\">Cliquez ici pour lire l&rsquo;article depuis sa source.<\/a><\/p>\n","protected":false},"excerpt":{"rendered":"<p>Abdelfattah Serrari a r\u00e9cemment r\u00e9alis\u00e9 un court-m\u00e9trage intitul\u00e9 \u00abCV\u00bb. Il parle de l\u2019id\u00e9e de cette \u0153uvre qui a \u00e9galement particip\u00e9 dans quelques festivals et re\u00e7u deux prix en attendant sa sortie officielle. ALM : Vous avez r\u00e9cemment r\u00e9alis\u00e9 un nouveau court-m\u00e9trage appel\u00e9 \u00abCV\u00bb. Un intitul\u00e9 qui renvoie \u00e0 un sujet toujours d\u2019actualit\u00e9. Au-del\u00e0 de son [&hellip;]<\/p>\n","protected":false},"author":1759,"featured_media":0,"comment_status":"closed","ping_status":"closed","sticky":false,"template":"","format":"standard","meta":{"fifu_image_url":"http:\/\/aujourdhui.ma\/wp-content\/uploads\/2021\/01\/Abdelfattah-Serrari.jpg","fifu_image_alt":"Entretien avec Abdelfattah Serrari : R\u00e9alisateur  et producteur","footnotes":""},"categories":[73,54],"tags":[],"class_list":["post-109385","post","type-post","status-publish","format-standard","hentry","category-actualite","category-maroc"],"_links":{"self":[{"href":"https:\/\/linitiative.ca\/International\/wp-json\/wp\/v2\/posts\/109385","targetHints":{"allow":["GET"]}}],"collection":[{"href":"https:\/\/linitiative.ca\/International\/wp-json\/wp\/v2\/posts"}],"about":[{"href":"https:\/\/linitiative.ca\/International\/wp-json\/wp\/v2\/types\/post"}],"author":[{"embeddable":true,"href":"https:\/\/linitiative.ca\/International\/wp-json\/wp\/v2\/users\/1759"}],"replies":[{"embeddable":true,"href":"https:\/\/linitiative.ca\/International\/wp-json\/wp\/v2\/comments?post=109385"}],"version-history":[{"count":0,"href":"https:\/\/linitiative.ca\/International\/wp-json\/wp\/v2\/posts\/109385\/revisions"}],"wp:attachment":[{"href":"https:\/\/linitiative.ca\/International\/wp-json\/wp\/v2\/media?parent=109385"}],"wp:term":[{"taxonomy":"category","embeddable":true,"href":"https:\/\/linitiative.ca\/International\/wp-json\/wp\/v2\/categories?post=109385"},{"taxonomy":"post_tag","embeddable":true,"href":"https:\/\/linitiative.ca\/International\/wp-json\/wp\/v2\/tags?post=109385"}],"curies":[{"name":"wp","href":"https:\/\/api.w.org\/{rel}","templated":true}]}}