{"id":109389,"date":"2021-01-16T03:49:48","date_gmt":"2021-01-16T08:49:48","guid":{"rendered":"https:\/\/linitiative.ca\/International\/prija-lancement-dune-consultation-nationale-au-profit-des-jeunes-tunisiens\/"},"modified":"2021-01-16T03:49:48","modified_gmt":"2021-01-16T08:49:48","slug":"prija-lancement-dune-consultation-nationale-au-profit-des-jeunes-tunisiens","status":"publish","type":"post","link":"https:\/\/linitiative.ca\/International\/prija-lancement-dune-consultation-nationale-au-profit-des-jeunes-tunisiens\/","title":{"rendered":"PRIJA : Lancement d\u2019une consultation nationale au profit des jeunes tunisiens"},"content":{"rendered":"<div class=\"td-post-content\">\n<h2>Le P\u00f4le de r\u00e9flexion sur les investissements des jeunes agri-entrepreneurs (PRIJA) a lanc\u00e9 une\u00a0<a href=\"http:\/\/www.fao.org\/in-action\/responsible-agricultural-investments\/news\/detail\/en\/c\/1369344\/?utm_content=buffere6700&amp;utm_medium=social&amp;utm_source=twitter.com&amp;utm_campaign=buffer&amp;fbclid=IwAR3VIPFsfGbL1TQTzSq9Yw4XjDe8-VVhSjARgZ2WNL2WvF4C4bvUAWSC1T0\" target=\"_blank\" rel=\"noopener noreferrer\">consultation nationale<\/a>\u00a0pour l\u2019am\u00e9lioration de l\u2019environnement de l\u2019investissement des jeunes dans les syst\u00e8mes agricoles et alimentaires en\u00a0<a href=\"http:\/\/www.leconomistemaghrebin.com\/2021\/01\/15\/emrhod-consulting-tunisiens-frustres-apres-14-janvier\/\" target=\"_blank\" rel=\"noopener noreferrer\">Tunisie<\/a>.<\/h2>\n<p>Le Laboratoire d\u2019Economie rurale de l\u2019INRAT en collaboration avec la FAO et l\u2019Agence de Promotion de l\u2019Investissement Agricole (APIA) avait lanc\u00e9 le PRIJA. Il est le r\u00e9sultat d\u2019un diagnostic de la situation de l\u2019investissement des jeunes dans les secteurs agricoles et agroalimentaires. Ce p\u00f4le vise \u00e0 promouvoir ces investissements. Le d\u00e9veloppement de ce secteur contribuera \u00e0 un d\u00e9veloppement \u00e9conomique durable.<\/p>\n<p>Le PRIJA a cr\u00e9\u00e9 trois groupes de travail. Plusieurs acteurs du secteur agricole forment ces groupes. Ainsi, ils traiteront les th\u00e9matiques suivantes:<\/p>\n<p>Pour ce qui est du premier groupe, les institutions et la coordination efficace repr\u00e9sentent l\u2019axe principal de travail. Les participants devront notamment d\u00e9battre des moyens et outils pour l\u2019am\u00e9lioration de l\u2019efficacit\u00e9 des institutions et la coordination entre elles.<\/p>\n<p class=\"gmail-yiv0195235388msonormal\">Le deuxi\u00e8me groupe se chargera d\u2019aborder la question des \u00e9changes concernant les services. Il se penchera aussi sur les incitations financi\u00e8res accessibles et catalyseurs d\u2019investissement des jeunes.<\/p>\n<p class=\"gmail-yiv0195235388msonormal\">Enfin, le troisi\u00e8me groupe se focalisera sur les solutions envisageables \u00e0 court terme pour les jeunes agri-entrepreneurs.<\/p>\n<p class=\"gmail-yiv0195235388msonormal\">Le PRIJA vise ainsi \u00e0 contribuer \u00e0 r\u00e9soudre trois grands d\u00e9fis auxquels fait face la Tunisie. Le premier est le ch\u00f4mage des jeunes. Le vieillissement et le manque de productivit\u00e9 et d\u2019innovation des secteurs agricole et alimentaire repr\u00e9sentent le deuxi\u00e8me d\u00e9fi. Enfin, le troisi\u00e8me d\u00e9fi porte sur la n\u00e9cessit\u00e9 de penser une \u00e9conomie durable et inclusive en tenant compte du contexte post-Covid-19.<\/p>\n<\/div>\n<footer>\n<div class=\"td-post-source-tags\">\n<ul class=\"td-tags td-post-small-box clearfix\">\n<li>leconomistemaghrebin<\/li>\n<\/ul>\n<\/div>\n<\/footer>\n<div class=\"wp-post-author-wrap wp-post-author-shortcode left\">\n<h3 class=\"awpa-title\"\/>\n<div class=\"wp-post-author\">\n<div class=\"awpa-img awpa-author-block square\"><a href=\"http:\/\/lexpertjournal.net\/fr\/?author=5\"><img loading=\"lazy\" decoding=\"async\" alt=\"\" src=\"http:\/\/0.gravatar.com\/avatar\/97f8e10a1c1125ba104a76514ee07b16?s=150&amp;d=mm&amp;r=g\" srcset=\"http:\/\/0.gravatar.com\/avatar\/97f8e10a1c1125ba104a76514ee07b16?s=300&amp;d=mm&amp;r=g 2x\" class=\"avatar avatar-150 photo\" height=\"150\" width=\"150\"\/><\/a><\/div>\n<\/div>\n<\/div>\n<aside class=\"mashsb-container mashsb-main mashsb-stretched\">\n<\/aside>\n<p>Auteur: L&rsquo;expert<br \/>\n<a href=\"http:\/\/lexpertjournal.net\/fr\/?p=18156\">Cliquez ici pour lire l&rsquo;article depuis sa source.<\/a><\/p>\n","protected":false},"excerpt":{"rendered":"<p>Le P\u00f4le de r\u00e9flexion sur les investissements des jeunes agri-entrepreneurs (PRIJA) a lanc\u00e9 une\u00a0consultation nationale\u00a0pour l\u2019am\u00e9lioration de l\u2019environnement de l\u2019investissement des jeunes dans les syst\u00e8mes agricoles et alimentaires en\u00a0Tunisie. Le Laboratoire d\u2019Economie rurale de l\u2019INRAT en collaboration avec la FAO et l\u2019Agence de Promotion de l\u2019Investissement Agricole (APIA) avait lanc\u00e9 le PRIJA. Il est le [&hellip;]<\/p>\n","protected":false},"author":1775,"featured_media":0,"comment_status":"closed","ping_status":"closed","sticky":false,"template":"","format":"standard","meta":{"fifu_image_url":"http:\/\/0.gravatar.com\/avatar\/97f8e10a1c1125ba104a76514ee07b16?s=150&d=mm&r=g","fifu_image_alt":"PRIJA : Lancement d\u2019une consultation nationale au profit des jeunes tunisiens","footnotes":""},"categories":[78,55],"tags":[],"class_list":["post-109389","post","type-post","status-publish","format-standard","hentry","category-economie","category-tunisie"],"_links":{"self":[{"href":"https:\/\/linitiative.ca\/International\/wp-json\/wp\/v2\/posts\/109389","targetHints":{"allow":["GET"]}}],"collection":[{"href":"https:\/\/linitiative.ca\/International\/wp-json\/wp\/v2\/posts"}],"about":[{"href":"https:\/\/linitiative.ca\/International\/wp-json\/wp\/v2\/types\/post"}],"author":[{"embeddable":true,"href":"https:\/\/linitiative.ca\/International\/wp-json\/wp\/v2\/users\/1775"}],"replies":[{"embeddable":true,"href":"https:\/\/linitiative.ca\/International\/wp-json\/wp\/v2\/comments?post=109389"}],"version-history":[{"count":0,"href":"https:\/\/linitiative.ca\/International\/wp-json\/wp\/v2\/posts\/109389\/revisions"}],"wp:attachment":[{"href":"https:\/\/linitiative.ca\/International\/wp-json\/wp\/v2\/media?parent=109389"}],"wp:term":[{"taxonomy":"category","embeddable":true,"href":"https:\/\/linitiative.ca\/International\/wp-json\/wp\/v2\/categories?post=109389"},{"taxonomy":"post_tag","embeddable":true,"href":"https:\/\/linitiative.ca\/International\/wp-json\/wp\/v2\/tags?post=109389"}],"curies":[{"name":"wp","href":"https:\/\/api.w.org\/{rel}","templated":true}]}}