{"id":109391,"date":"2021-01-16T03:54:53","date_gmt":"2021-01-16T08:54:53","guid":{"rendered":"https:\/\/linitiative.ca\/International\/inflation-ou-deflation\/"},"modified":"2021-01-16T03:54:53","modified_gmt":"2021-01-16T08:54:53","slug":"inflation-ou-deflation","status":"publish","type":"post","link":"https:\/\/linitiative.ca\/International\/inflation-ou-deflation\/","title":{"rendered":"Inflation ou d\u00e9flation ?"},"content":{"rendered":"<div class=\"td-post-content\">\n<h2>Avec ces quatre jours de\u00a0<strong>reconfinement<\/strong>, la pression \u00e9conomique sur les m\u00e9nages n\u2019a jamais \u00e9t\u00e9 aussi forte. Alors, qu\u2019en est-il de l\u2019inflation? Si les Tunisiens ont pu s\u2019en sortir durant le premier confinement de 2020 et, surtout, assez convaincus, ce n\u2019est plus le cas aujourd\u2019hui.<\/h2>\n<p>En effet, la reprise n\u2019a jamais \u00e9t\u00e9 au rendez-vous et les s\u00e9quelles \u00e9conomiques se sont aggrav\u00e9es au fil du temps. Le r\u00e9sultat a \u00e9t\u00e9 observ\u00e9 au niveau de l\u2019<strong>inflation<\/strong>\u00a0qui s\u2019est \u00e9tablie \u00e0 5,6% en 2020; contre 6,7% l\u2019ann\u00e9e pr\u00e9c\u00e9dente. En rythme mensuel, apr\u00e8s le pic du mois d\u2019avril (6,3%), l\u2019inflation en d\u00e9cembre \u00e9tait de 4,9%.<\/p>\n<h3>Equilibre fragile<\/h3>\n<p>En outre, la crise sanitaire a pouss\u00e9 certains prix \u00e0 la hausse, pas suite \u00e0 une demande soutenue, mais \u00e0 l\u2019initiative des professionnels qui tentent de r\u00e9aliser un rattrapage en termes de chiffre d\u2019affaires.\u00a0<a href=\"https:\/\/www.leconomistemaghrebin.com\/2020\/12\/05\/taux-dinflation-a-49-plus-faible-depuis-juin-2017\/\" target=\"_blank\" rel=\"noopener noreferrer\">Durant le mois de d\u00e9cembre<\/a>, certains groupes de produits ont affich\u00e9 une appr\u00e9ciation des prix, comme les articles d\u2019habillement et chaussures (+1,5%), la sant\u00e9 (+1,2%) et les restaurants et h\u00f4tels (+0,4%).<\/p>\n<h3>Risque inflationniste limit\u00e9<\/h3>\n<p>Alors, est-ce que cette tendance haussi\u00e8re va continuer durant le premier trimestre 2021? Nous pensons que cela serait le cas, mais au m\u00eame rythme. Par rapport au premier confinement, le\u00a0<strong>pouvoir d\u2019achat<\/strong>\u00a0a d\u00e9gringol\u00e9. Nous ne parlons pas ici des salari\u00e9s qui jouissent d\u2019une r\u00e9mun\u00e9ration garantie et d\u2019un acc\u00e8s relativement facile aux cr\u00e9dits bancaires. Mais plut\u00f4t des ind\u00e9pendants et employ\u00e9s du secteur\u00a0<strong>informel<\/strong>. Bien qu\u2019elle ne contribue pas aux recettes de l\u2019Etat, l\u2019\u00e9conomie souterraine reste une pi\u00e8ce ma\u00eetresse dans l\u2019\u00e9quation de l\u2019\u00e9quilibre social. Tous les importateurs des gadgets et des articles de textile sont \u00e0 l\u2019arr\u00eat depuis des mois. Et les fronti\u00e8res alg\u00e9riennes sont ferm\u00e9es \u00e0 cause de la pand\u00e9mie, privant toute une cha\u00eene de revenus.<\/p>\n<p>Par cons\u00e9quent, la consommation globale va donc rester focaliser sur les produits de premi\u00e8re n\u00e9cessit\u00e9. Et l\u2019inflation, en rythme mensuel, ne d\u00e9passerait pas le seuil des 0,2% selon nos estimations.<\/p>\n<h3>La d\u00e9flation n\u2019aura pas lieu<\/h3>\n<p>Cette hypoth\u00e8se exclut, de facto, le risque d\u2019une\u00a0<strong>d\u00e9flation<\/strong>\u00a0(baisse durable et g\u00e9n\u00e9rale des prix) qui commence \u00e0 se dessiner en Europe.<\/p>\n<p>Cependant, il y a quelques arguments qui rendent le risque d\u2019une telle tendance envisageable. A commencer par un recul de la consommation des m\u00e9nages et des investissements des entreprises.<\/p>\n<p>De m\u00eame, instaurer un\u00a0<a href=\"https:\/\/www.facebook.com\/Presidencedugouvernementtunisien\/\" target=\"_blank\" rel=\"noopener noreferrer\">mini-confinement<\/a>\u00a0n\u2019inspire pas confiance aux agents \u00e9conomiques dont plusieurs pensent s\u00e9rieusement qu\u2019un long confinement finira par venir. Les d\u00e9cisions prises par la France hier et le prolongement de l\u2019\u00e9tat d\u2019urgence en Italie montrent que m\u00eame la vaccination ne peut pas changer la donne du jour au lendemain. De plus, ce sont nos deux principaux partenaires commerciaux et les entreprises peuvent freiner leurs plans de d\u00e9veloppement. D\u2019ailleurs, les banques pourraient limiter la distribution de cr\u00e9dit. Moins de d\u00e9penses feront moins d\u2019activit\u00e9 \u00e9conomique, moins d\u2019emplois et moins de consommation.<\/p>\n<p>Mais ce qui limitera l\u2019impact d\u2019un tel m\u00e9canisme serait le volume de la monnaie en circulation qui continue \u00e0 \u00eatre \u00e9lev\u00e9. Il suffit de penser \u00e0 la mani\u00e8re dont le d\u00e9ficit budg\u00e9taire de la fin d\u2019ann\u00e9e derni\u00e8re a \u00e9t\u00e9 financ\u00e9 pour le comprendre.<\/p>\n<h3>La main invisible de la solidarit\u00e9<\/h3>\n<p>Autre \u00e9l\u00e9ment important \u00e0 prendre en compte est le r\u00f4le pivot des relations priv\u00e9es. Les membres de chaque famille s\u2019aident mutuellement durant les moments difficiles. Ce qui offre une bouff\u00e9e d\u2019oxyg\u00e8ne et compense la baisse du pouvoir d\u2019achat. Nous l\u2019avons d\u00e9j\u00e0 observ\u00e9 auparavant et il devrait s\u2019intensifier durant les mois \u00e0 venir.<\/p>\n<p>La\u00a0<strong>solidarit\u00e9<\/strong>, notion us\u00e9e par le r\u00e9gime de Ben Ali, reste un m\u00e9canisme cl\u00e9 dans l\u2019\u00e9quilibre social et \u00e9conomique en Tunisie.<\/p>\n<\/div>\n<footer>\n<div class=\"td-post-source-tags\">\n<ul class=\"td-tags td-post-small-box clearfix\">\n<li>leconomistemaghrebin<\/li>\n<\/ul>\n<\/div>\n<\/footer>\n<div class=\"wp-post-author-wrap wp-post-author-shortcode left\">\n<h3 class=\"awpa-title\"\/>\n<div class=\"wp-post-author\">\n<div class=\"awpa-img awpa-author-block square\"><a href=\"http:\/\/lexpertjournal.net\/fr\/?author=5\"><img loading=\"lazy\" decoding=\"async\" alt=\"\" src=\"http:\/\/0.gravatar.com\/avatar\/97f8e10a1c1125ba104a76514ee07b16?s=150&amp;d=mm&amp;r=g\" srcset=\"http:\/\/0.gravatar.com\/avatar\/97f8e10a1c1125ba104a76514ee07b16?s=300&amp;d=mm&amp;r=g 2x\" class=\"avatar avatar-150 photo\" height=\"150\" width=\"150\"\/><\/a><\/div>\n<\/div>\n<\/div>\n<aside class=\"mashsb-container mashsb-main mashsb-stretched\">\n<\/aside>\n<p>Auteur: L&rsquo;expert<br \/>\n<a href=\"http:\/\/lexpertjournal.net\/fr\/?p=18162\">Cliquez ici pour lire l&rsquo;article depuis sa source.<\/a><\/p>\n","protected":false},"excerpt":{"rendered":"<p>Avec ces quatre jours de\u00a0reconfinement, la pression \u00e9conomique sur les m\u00e9nages n\u2019a jamais \u00e9t\u00e9 aussi forte. Alors, qu\u2019en est-il de l\u2019inflation? Si les Tunisiens ont pu s\u2019en sortir durant le premier confinement de 2020 et, surtout, assez convaincus, ce n\u2019est plus le cas aujourd\u2019hui. En effet, la reprise n\u2019a jamais \u00e9t\u00e9 au rendez-vous et les [&hellip;]<\/p>\n","protected":false},"author":1775,"featured_media":0,"comment_status":"closed","ping_status":"closed","sticky":false,"template":"","format":"standard","meta":{"fifu_image_url":"http:\/\/0.gravatar.com\/avatar\/97f8e10a1c1125ba104a76514ee07b16?s=150&d=mm&r=g","fifu_image_alt":"Inflation ou d\u00e9flation ?","footnotes":""},"categories":[78,55],"tags":[],"class_list":["post-109391","post","type-post","status-publish","format-standard","hentry","category-economie","category-tunisie"],"_links":{"self":[{"href":"https:\/\/linitiative.ca\/International\/wp-json\/wp\/v2\/posts\/109391","targetHints":{"allow":["GET"]}}],"collection":[{"href":"https:\/\/linitiative.ca\/International\/wp-json\/wp\/v2\/posts"}],"about":[{"href":"https:\/\/linitiative.ca\/International\/wp-json\/wp\/v2\/types\/post"}],"author":[{"embeddable":true,"href":"https:\/\/linitiative.ca\/International\/wp-json\/wp\/v2\/users\/1775"}],"replies":[{"embeddable":true,"href":"https:\/\/linitiative.ca\/International\/wp-json\/wp\/v2\/comments?post=109391"}],"version-history":[{"count":0,"href":"https:\/\/linitiative.ca\/International\/wp-json\/wp\/v2\/posts\/109391\/revisions"}],"wp:attachment":[{"href":"https:\/\/linitiative.ca\/International\/wp-json\/wp\/v2\/media?parent=109391"}],"wp:term":[{"taxonomy":"category","embeddable":true,"href":"https:\/\/linitiative.ca\/International\/wp-json\/wp\/v2\/categories?post=109391"},{"taxonomy":"post_tag","embeddable":true,"href":"https:\/\/linitiative.ca\/International\/wp-json\/wp\/v2\/tags?post=109391"}],"curies":[{"name":"wp","href":"https:\/\/api.w.org\/{rel}","templated":true}]}}