{"id":109394,"date":"2021-01-15T18:41:48","date_gmt":"2021-01-15T23:41:48","guid":{"rendered":"https:\/\/linitiative.ca\/International\/lancement-du-projet-plateforme-jeunes-essaouira\/"},"modified":"2021-01-15T18:41:48","modified_gmt":"2021-01-15T23:41:48","slug":"lancement-du-projet-plateforme-jeunes-essaouira","status":"publish","type":"post","link":"https:\/\/linitiative.ca\/International\/lancement-du-projet-plateforme-jeunes-essaouira\/","title":{"rendered":"Lancement du projet \u00ab\u00a0Plateforme Jeunes Essaouira\u00a0\u00bb"},"content":{"rendered":"<div readability=\"39\">\n<p>Essaouira \u2013 Un projet prometteur d\u00e9di\u00e9 au renforcement des capacit\u00e9s des jeunes dans le domaine de l\u2019Economie Sociale et Solidaire (ESS), baptis\u00e9 \u00ab\u00a0Plateforme Jeunes Essaouira\u00a0\u00bb, a \u00e9t\u00e9 lanc\u00e9, vendredi, dans la Cit\u00e9 des Aliz\u00e9s, par l\u2019Association \u00ab\u00a0Les Amis du Verbe\u00a0\u00bb.<\/p>\n<\/div>\n<div readability=\"110\">\n<p>Compos\u00e9 de plusieurs axes, ce projet ambitieux s\u2019assigne pour principaux objectifs de favoriser la formation et la conscientisation des jeunes de la province d\u2019Essaouira quant \u00e0 l\u2019importance majeure de l\u2019ESS et aux diverses opportunit\u00e9s qu\u2019elle offre, et d\u2019\u0153uvrer au renforcement de la sensibilisation et de la prise de conscience du poids de l\u2019entrepreneuriat social et des initiatives individuelles dans le d\u00e9veloppement des soci\u00e9t\u00e9s \u00e0 l\u2019\u00e9chelle locale.<\/p>\n<p>Ledit projet, qui sera pr\u00e9sent\u00e9 \u00e0 travers plusieurs rencontres et ateliers dans la ville d\u2019Essaouira ainsi que dans les communes d\u2019Akermoud et d\u2019Aguerd (du 15 au 31 janvier), b\u00e9n\u00e9ficiera \u00e0 plus de 100 jeunes des deux sexes, qui seront initi\u00e9s aux principes de l\u2019ESS et aux opportunit\u00e9s que ce segment de l\u2019\u00e9conomie ouvre devant cette frange de la soci\u00e9t\u00e9, notamment durant la p\u00e9riode post Covid-19.<\/p>\n<p>Initi\u00e9 avec la contribution et la coordination de nombre d\u2019associations et de collectivit\u00e9s locales, le projet \u00ab\u00a0Plateforme Jeunes Essaouira\u00a0\u00bb, qui fait partie int\u00e9grante de la campagne \u00ab\u00a0Mediterranean Innovators for Solidarity\u00a0\u00bb, est organis\u00e9 avec le soutien du programme \u00ab\u00a0Med Dialogue for Rights and Equality\u00a0\u00bb r\u00e9alis\u00e9 avec l\u2019appui de l\u2019Union Europ\u00e9enne.<\/p>\n<p>Cette campagne r\u00e9gionale se veut une action commune, \u00e9labor\u00e9e et adopt\u00e9e par des jeunes leaders issus de plusieurs pays m\u00e9diterran\u00e9ens, lors d\u2019un exercice participatif men\u00e9 dans le cadre d\u2019une initiative de renforcement des capacit\u00e9s sur les d\u00e9fis de l\u2019Economie Sociale et Solidaire dans la r\u00e9gion m\u00e9diterran\u00e9enne.<\/p>\n<p>Se proposant de traiter des probl\u00e8mes sociaux et des enjeux en mati\u00e8re de solidarit\u00e9, elle permettra ainsi \u00e0 ces jeunes la mise en \u0153uvre d\u2019actions locales de sensibilisation, de formation et de plaidoyer dans un cadre commun, conform\u00e9ment aux principes et normes de l\u2019ESS, l\u2019objectif \u00e9tant de promouvoir le d\u00e9veloppement d\u2019un esprit de solidarit\u00e9 dans leurs communaut\u00e9s, tout en mettant l\u2019accent sur l\u2019entrepreneuriat en faveur de l\u2019Economie Sociale et Solidaire et les grandes perspectives qu\u2019elle ouvre.<\/p>\n<p>Dans une d\u00e9claration \u00e0 la MAP \u00e0 cette occasion, M. Youssef Askour, coordinateur de la \u00ab\u00a0Plateforme Jeunes Essaouira\u00a0\u00bb, a indiqu\u00e9 que ce projet s\u2019inscrit dans le cadre des actions entreprises par l\u2019Association \u00ab\u00a0Les Amis du Verbe\u00a0\u00bb en vue de favoriser l\u2019autonomisation \u00e9conomique des jeunes (hommes et femmes) de la province dans la perspective de leur autonomisation \u00e9galement sur le plan politique, mettant en avant l\u2019importance de prendre connaissance des grandes opportunit\u00e9s que l\u2019Economie Sociale et Solidaire offre \u00e0 cette cat\u00e9gorie.<\/p>\n<p>Il a, dans ce sens, relev\u00e9 que la province d\u2019Essaouira a grand besoin de telles initiatives prometteuses qui permettront de renforcer l\u2019esprit d\u2019entrepreneuriat social chez les jeunes et de mieux exploiter les innombrables opportunit\u00e9s offertes par la province ou par les diff\u00e9rents d\u00e9partements gouvernementaux.<\/p>\n<p>Et le responsable de souligner, en conclusion, que ledit projet va constituer un espace idoine pour renforcer les capacit\u00e9s des jeunes dans le domaine entrepreneurial et de l\u2019entrepreneuriat social, \u00e0 m\u00eame de les inciter \u00e0 mener des initiatives \u00e0 caract\u00e8re \u00e9conomique qui mettent \u00e0 contribution le riche potentiel et les divers atouts dont regorge la province d\u2019Essaouira.<\/p>\n<p>A noter que le \u00ab\u00a0Med Dialogue for Rights and Equality\u00a0\u00bb est un programme r\u00e9gional d\u2019assistance technique financ\u00e9 par l\u2019UE, d\u2019une dur\u00e9e de trois ans (2019-2022), avec l\u2019objectif g\u00e9n\u00e9ral de renforcer le r\u00f4le des Organisations de la Soci\u00e9t\u00e9 Civile (OSC) actives \u00e0 l\u2019\u00e9chelle r\u00e9gionale dans la construction du d\u00e9veloppement durable, la coh\u00e9sion et la r\u00e9silience r\u00e9gionales, ainsi que dans la prise de d\u00e9cision politique dans le voisinage m\u00e9ridional (sud) et l\u2019espace euro-m\u00e9diterran\u00e9en.<\/p>\n<p>\u00ab\u00a0Mobiliser les communaut\u00e9s locales sur des questions r\u00e9gionales d\u2019int\u00e9r\u00eat commun pour influencer l\u2019agenda des d\u00e9cideurs publics et des institutions r\u00e9gionales, et impliquer les OSC dans les agendas r\u00e9gionaux et les dialogues th\u00e9matiques \u00e9mergents\u00a0\u00bb est sa principale particularit\u00e9.<\/p>\n<\/div>\n<p>Auteur: Meriem IGASS<br \/>\n<a href=\"http:\/\/www.mapmarrakech.ma\/fr\/lancement-du-projet-plateforme-jeunes-essaouira\/\">Cliquez ici pour lire l&rsquo;article depuis sa source.<\/a><\/p>\n","protected":false},"excerpt":{"rendered":"<p>Essaouira \u2013 Un projet prometteur d\u00e9di\u00e9 au renforcement des capacit\u00e9s des jeunes dans le domaine de l\u2019Economie Sociale et Solidaire (ESS), baptis\u00e9 \u00ab\u00a0Plateforme Jeunes Essaouira\u00a0\u00bb, a \u00e9t\u00e9 lanc\u00e9, vendredi, dans la Cit\u00e9 des Aliz\u00e9s, par l\u2019Association \u00ab\u00a0Les Amis du Verbe\u00a0\u00bb. Compos\u00e9 de plusieurs axes, ce projet ambitieux s\u2019assigne pour principaux objectifs de favoriser la formation [&hellip;]<\/p>\n","protected":false},"author":1788,"featured_media":0,"comment_status":"closed","ping_status":"closed","sticky":false,"template":"","format":"standard","meta":{"fifu_image_url":"","fifu_image_alt":"","footnotes":""},"categories":[54,76],"tags":[],"class_list":["post-109394","post","type-post","status-publish","format-standard","hentry","category-maroc","category-regions"],"_links":{"self":[{"href":"https:\/\/linitiative.ca\/International\/wp-json\/wp\/v2\/posts\/109394","targetHints":{"allow":["GET"]}}],"collection":[{"href":"https:\/\/linitiative.ca\/International\/wp-json\/wp\/v2\/posts"}],"about":[{"href":"https:\/\/linitiative.ca\/International\/wp-json\/wp\/v2\/types\/post"}],"author":[{"embeddable":true,"href":"https:\/\/linitiative.ca\/International\/wp-json\/wp\/v2\/users\/1788"}],"replies":[{"embeddable":true,"href":"https:\/\/linitiative.ca\/International\/wp-json\/wp\/v2\/comments?post=109394"}],"version-history":[{"count":0,"href":"https:\/\/linitiative.ca\/International\/wp-json\/wp\/v2\/posts\/109394\/revisions"}],"wp:attachment":[{"href":"https:\/\/linitiative.ca\/International\/wp-json\/wp\/v2\/media?parent=109394"}],"wp:term":[{"taxonomy":"category","embeddable":true,"href":"https:\/\/linitiative.ca\/International\/wp-json\/wp\/v2\/categories?post=109394"},{"taxonomy":"post_tag","embeddable":true,"href":"https:\/\/linitiative.ca\/International\/wp-json\/wp\/v2\/tags?post=109394"}],"curies":[{"name":"wp","href":"https:\/\/api.w.org\/{rel}","templated":true}]}}