{"id":109396,"date":"2021-01-16T12:43:25","date_gmt":"2021-01-16T17:43:25","guid":{"rendered":"https:\/\/linitiative.ca\/International\/creation-du-conseil-municipal-des-enfants\/"},"modified":"2021-01-16T12:43:25","modified_gmt":"2021-01-16T17:43:25","slug":"creation-du-conseil-municipal-des-enfants","status":"publish","type":"post","link":"https:\/\/linitiative.ca\/International\/creation-du-conseil-municipal-des-enfants\/","title":{"rendered":"Cr\u00e9ation du Conseil municipal des enfants"},"content":{"rendered":"<div readability=\"38\">\n<p>Essaouira \u2013 Le Conseil municipal des enfants d\u2019Essaouira, une instance repr\u00e9sentative d\u00e9di\u00e9e \u00e0 l\u2019enfance de la ville, \u00e0 ses pr\u00e9occupations, \u00e0 ses aspirations et \u00e0 ses attentes, vient de voir le jour \u00e0 l\u2019issue d\u2019une assembl\u00e9e \u00e9lective.<\/p>\n<\/div>\n<div readability=\"179\">\n<p>A cette occasion, une c\u00e9r\u00e9monie plac\u00e9e sous le signe \u00ab\u00a0Essaouira, ville amie des enfants\u00a0\u00bb, a \u00e9t\u00e9 organis\u00e9e, samedi, au si\u00e8ge de la Commune, suite \u00e0 la concr\u00e9tisation de ce projet, initi\u00e9 par l\u2019association \u00ab\u00a0Bayti\u00a0\u00bb dans la cit\u00e9 des Aliz\u00e9s, en partenariat avec le conseil communal et le soutien de l\u2019ambassade de France \u00e0 Rabat, et gr\u00e2ce \u00e0 la contribution des acteurs de la soci\u00e9t\u00e9 civile locale.<\/p>\n<p>Compos\u00e9 de 13 enfants, dont la grande majorit\u00e9 sont des filles, ce conseil est le fruit des efforts consentis pour la mise en place d\u2019une instance de repr\u00e9sentation de l\u2019enfance de la ville d\u2019Essaouira, dirig\u00e9e par ses repr\u00e9sentants issus des associations locales, en vue de renforcer les m\u00e9canismes de participation citoyenne efficiente, de r\u00e9pondre aux attentes de cette frange de la soci\u00e9t\u00e9, et de promouvoir le principe de la d\u00e9mocratie repr\u00e9sentative et participative dans la gestion de la chose locale, notamment des questions de l\u2019enfance.<\/p>\n<p>Intervenant \u00e0 cette occasion, le pr\u00e9sident du Conseil communal, Hicham Jebbari, a indiqu\u00e9 que le Conseil municipal des enfants constitue une exp\u00e9rience unique et la premi\u00e8re du genre au niveau de la province, pr\u00e9cisant qu\u2019elle permet d\u2019asseoir r\u00e9ellement les fondements de la culture de l\u2019approche participative dans la gestion de la chose locale, \u00e0 travers des instances consultatives, \u00e0 m\u00eame d\u2019\u00e9largir le champ du dialogue et de la concertation et de pr\u00e9senter des propositions et opinions en lien avec les questions d\u00e9di\u00e9es \u00e0 une cat\u00e9gorie sociale tr\u00e8s importante.<\/p>\n<p>Il a not\u00e9 que cette action, qui intervient conform\u00e9ment aux dispositions de la Constitution et en application des Hautes Orientations Royales, est en phase avec les principes de la Convention Internationale des Droits de l\u2019Enfant (CIDE), afin d\u2019encourager les enfants \u00e0 s\u2019int\u00e9resser \u00e0 la chose locale et \u00e0 la communication avec les responsables pour transmettre leurs propositions aux parties concern\u00e9es, rappelant que l\u2019op\u00e9ration d\u2019\u00e9lection dudit Conseil s\u2019est d\u00e9roul\u00e9e dans de bonnes conditions et en toute transparence dans le cadre d\u2019une approche honn\u00eate et d\u2019une d\u00e9marche participative.<\/p>\n<p>Cette exp\u00e9rience singuli\u00e8re, a-t-il encha\u00een\u00e9, permet l\u2019implication de l\u2019ensemble des acteurs concern\u00e9s par les questions de l\u2019enfance \u00e0 l\u2019\u00e9chelle locale afin d\u2019adh\u00e9rer \u00e0 cette noble finalit\u00e9 tant attendue, \u00e0 savoir la concr\u00e9tisation, au niveau de la Commune d\u2019Essaouira, de ce projet d\u00e9mocratique tr\u00e8s prometteur, qui s\u2019\u00e9rige en tant que l\u2019un des m\u00e9canismes de dialogue et un espace appropri\u00e9 pour l\u2019enfant afin d\u2019exprimer ses ambitions, de consolider son appartenance et de renforcer l\u2019\u00e9ducation aux valeurs de citoyennet\u00e9.<\/p>\n<p>Elle est aussi une occasion privil\u00e9gi\u00e9e pour d\u00e9battre et discuter des questions inh\u00e9rentes \u00e0 l\u2019enfance ainsi que pour favoriser l\u2019\u00e9change des points de vue et des exp\u00e9riences en la mati\u00e8re entre les enfants souiris et leurs confr\u00e8res dans d\u2019autres r\u00e9gions, a-t-il dit.<\/p>\n<p>Dans ce cadre, M. Jebbari a r\u00e9affirm\u00e9 la ferme volont\u00e9 de la Commune d\u2019Essaouira de favoriser la mise en \u0153uvre et l\u2019activation des m\u00e9canismes de l\u2019approche participative pour l\u2019ancrage de la culture du dialogue et de la concertation, notant que la Commune demeure profond\u00e9ment convaincue de l\u2019importance de la cr\u00e9ation d\u2019un espace idoine pour faire entendre la voix des enfants, leur permettre de mieux communiquer entre eux, d\u2019une part, et entre cette cat\u00e9gorie et les responsables, d\u2019autre part.<\/p>\n<p>Et de conclure que la cr\u00e9ation du Conseil municipal des enfants d\u2019Essaouira repr\u00e9sente un \u00ab\u00a0v\u00e9ritable acquis\u00a0\u00bb qui doit \u00eatre pr\u00e9serv\u00e9 afin de permettre \u00e0 l\u2019enfant de contribuer \u00e0 la gestion de la chose locale.<\/p>\n<p>De son c\u00f4t\u00e9, le coordinateur de l\u2019Association \u00ab\u00a0Bayti\u00a0\u00bb \u00e0 Essaouira, Hassan El Kadiri, a indiqu\u00e9 que la mise en place du Conseil municipal des enfants intervient dans le sillage de la cons\u00e9cration de la participation qui constitue l\u2019un des principes et droits fondamentaux d\u00e9finis dans la CIDE et ses protocoles facultatifs.<\/p>\n<p>Il a ajout\u00e9 que ce projet tr\u00e8s ambitieux, qui vient de voir le jour, est le fruit d\u2019un partenariat fructueux et d\u2019une action conjointe r\u00e9ussie entre l\u2019association, le conseil communal, l\u2019ambassade de France \u00e0 Rabat et les organisations de la soci\u00e9t\u00e9 civile locale.<\/p>\n<p>Plusieurs associations oeuvrant dans le domaine social, notamment en mati\u00e8re de protection de l\u2019enfance, se sont mobilis\u00e9es pour faire aboutir cette noble initiative citoyenne et ont fortement adh\u00e9r\u00e9 pour la traduction, dans les faits, de cette action civique et la mise sur pied de ce Conseil, qui repr\u00e9sente une \u00ab\u00a0v\u00e9ritable force de proposition\u00a0\u00bb \u00e0 l\u2019\u00e9chelle locale et tend \u00e0 exprimer toutes les pr\u00e9occupations, propositions et attentes des enfants.<\/p>\n<p>Dans ce sens, il a soutenu que les membres du Conseil ont exprim\u00e9 leur disposition \u00e0 ne m\u00e9nager aucun effort et \u00e0 \u0153uvrer de concert avec l\u2019ensemble des responsables en vue de la d\u00e9fense et la promotion des droits des enfants aussi bien au niveau de la ville d\u2019Essaouira, que sur les plans r\u00e9gional, national et m\u00eame international.<\/p>\n<p>Pour sa part, la pr\u00e9sidente du Conseil, Oumaima Bounar, a tenu \u00e0 exprimer ses vifs remerciements au Conseil communal, aux autorit\u00e9s locales, \u00e0 l\u2019association \u00ab\u00a0Bayti\u00a0\u00bb et \u00e0 l\u2019ambassade de France pour leurs efforts soutenus en vue de la concr\u00e9tisation de ce projet, tout en saluant le travail remarquable de toutes les associations locales qui ont contribu\u00e9 \u00e0 la constitution de cette nouvelle instance.<\/p>\n<p>Elle a affirm\u00e9 que le Conseil aura pour principale mission de mener des plaidoyers au sujet de toutes les questions concernant l\u2019enfance dans la ville d\u2019Essaouira ou \u00e0 l\u2019\u00e9chelle nationale et ce, en se r\u00e9f\u00e9rant aux dispositions de la Constitution du Royaume, aux Hautes Orientations de SM le Roi Mohammed VI en mati\u00e8re de promotion de la situation de l\u2019enfance, \u00e0 la CIDE et \u00e0 ses protocoles facultatifs.<\/p>\n<p>Malgr\u00e9 les avanc\u00e9es r\u00e9alis\u00e9es et les \u00e9normes efforts consentis dans le domaine de l\u2019enfance, elle a relev\u00e9 que beaucoup de travail reste \u00e0 faire, notamment en termes de renforcement de la scolarisation, de protection de l\u2019enfant contre toutes les formes de violence et d\u2019aide aux enfants \u00e0 besoins sp\u00e9cifiques ou en situation de rue, entre autres.<\/p>\n<p>Elle a, enfin, r\u00e9it\u00e9r\u00e9 l\u2019engagement des membres dudit Conseil \u00e0 faire entendre, haut et fort, la voix des enfants souiris et \u00e0 d\u00e9fendre leurs droits aupr\u00e8s des responsables et parties concern\u00e9es.<\/p>\n<\/div>\n<p>Auteur: Meriem IGASS<br \/>\n<a href=\"http:\/\/www.mapmarrakech.ma\/fr\/creation-du-conseil-municipal-des-enfants\/\">Cliquez ici pour lire l&rsquo;article depuis sa source.<\/a><\/p>\n","protected":false},"excerpt":{"rendered":"<p>Essaouira \u2013 Le Conseil municipal des enfants d\u2019Essaouira, une instance repr\u00e9sentative d\u00e9di\u00e9e \u00e0 l\u2019enfance de la ville, \u00e0 ses pr\u00e9occupations, \u00e0 ses aspirations et \u00e0 ses attentes, vient de voir le jour \u00e0 l\u2019issue d\u2019une assembl\u00e9e \u00e9lective. A cette occasion, une c\u00e9r\u00e9monie plac\u00e9e sous le signe \u00ab\u00a0Essaouira, ville amie des enfants\u00a0\u00bb, a \u00e9t\u00e9 organis\u00e9e, samedi, [&hellip;]<\/p>\n","protected":false},"author":1788,"featured_media":0,"comment_status":"closed","ping_status":"closed","sticky":false,"template":"","format":"standard","meta":{"fifu_image_url":"","fifu_image_alt":"","footnotes":""},"categories":[54,76],"tags":[],"class_list":["post-109396","post","type-post","status-publish","format-standard","hentry","category-maroc","category-regions"],"_links":{"self":[{"href":"https:\/\/linitiative.ca\/International\/wp-json\/wp\/v2\/posts\/109396","targetHints":{"allow":["GET"]}}],"collection":[{"href":"https:\/\/linitiative.ca\/International\/wp-json\/wp\/v2\/posts"}],"about":[{"href":"https:\/\/linitiative.ca\/International\/wp-json\/wp\/v2\/types\/post"}],"author":[{"embeddable":true,"href":"https:\/\/linitiative.ca\/International\/wp-json\/wp\/v2\/users\/1788"}],"replies":[{"embeddable":true,"href":"https:\/\/linitiative.ca\/International\/wp-json\/wp\/v2\/comments?post=109396"}],"version-history":[{"count":0,"href":"https:\/\/linitiative.ca\/International\/wp-json\/wp\/v2\/posts\/109396\/revisions"}],"wp:attachment":[{"href":"https:\/\/linitiative.ca\/International\/wp-json\/wp\/v2\/media?parent=109396"}],"wp:term":[{"taxonomy":"category","embeddable":true,"href":"https:\/\/linitiative.ca\/International\/wp-json\/wp\/v2\/categories?post=109396"},{"taxonomy":"post_tag","embeddable":true,"href":"https:\/\/linitiative.ca\/International\/wp-json\/wp\/v2\/tags?post=109396"}],"curies":[{"name":"wp","href":"https:\/\/api.w.org\/{rel}","templated":true}]}}