{"id":109401,"date":"2021-01-15T18:00:00","date_gmt":"2021-01-15T23:00:00","guid":{"rendered":"https:\/\/linitiative.ca\/International\/le-gouvernement-neerlandais-pourrait-demissionner\/"},"modified":"2021-01-15T18:00:00","modified_gmt":"2021-01-15T23:00:00","slug":"le-gouvernement-neerlandais-pourrait-demissionner","status":"publish","type":"post","link":"https:\/\/linitiative.ca\/International\/le-gouvernement-neerlandais-pourrait-demissionner\/","title":{"rendered":"Le gouvernement n\u00e9erlandais pourrait d\u00e9missionner"},"content":{"rendered":"<p><span class=\"c2\"><strong>Le Temps-Agences-Le Premier ministre n\u00e9erlandais Mark Rutte et ses ministres devaient d\u00e9cider hier s&rsquo;ils d\u00e9missionnent en raison de la mauvaise gestion que le gouvernement a fait des allocations de garde d&rsquo;enfants, apr\u00e8s qu&rsquo;une enqu\u00eate parlementaire a d\u00e9couvert le mois dernier que des milliers de familles ont \u00e9t\u00e9 pouss\u00e9es \u00e0 la ruine.<\/strong><\/span><\/p>\n<p><span class=\"c2\">Le rapport d&rsquo;enqu\u00eate indique qu&rsquo;environ 10.000 familles ont \u00e9t\u00e9 contraintes de rembourser des dizaines de milliers d&rsquo;euros d&rsquo;allocations apr\u00e8s avoir \u00e9t\u00e9 accus\u00e9es \u00e0 tort de fraude, ce qui les a conduites au ch\u00f4mage, \u00e0 la faillite ou au divorce. Le document d\u00e9crit cette gestion qui a dur\u00e9 dix ans comme une \u00ab\u00a0injustice sans pr\u00e9c\u00e9dent\u00a0\u00bb. La pression pour que le gouvernement d\u00e9missionne s&rsquo;est intensifi\u00e9e cette semaine alors que les partenaires de la coalition de Rutte ont d\u00e9clar\u00e9 que cette option devait \u00eatre s\u00e9rieusement envisag\u00e9e. Le chef du parti travailliste de l&rsquo;opposition a d\u00e9missionn\u00e9 jeudi en raison de son r\u00f4le dans l&rsquo;affaire.<\/span><\/p>\n<p><span class=\"c2\">\u00ab\u00a0Je m&rsquo;attends \u00e0 ce que la question de notre avenir politique se pose \u00e0 ce moment-l\u00e0\u00a0\u00bb, a-t-il d\u00e9clar\u00e9 aux journalistes \u00e0 la suite d&rsquo;une r\u00e9union de crise avec des ministres de son propre parti.<\/span><\/p>\n<p><span class=\"c2\">Les ministres des autres partis gouvernementaux ont d\u00e9clar\u00e9 qu&rsquo;ils avaient pris une d\u00e9cision, tout en refusant de commenter davantage. Si Rutte remet sa d\u00e9mission au roi Willem-Alexander hier, cela marquerait la premi\u00e8re chute d&rsquo;un gouvernement depuis 2012, lorsque le premier cabinet de Rutte a \u00e9t\u00e9 dissout en raison de divergences sur les mesures d&rsquo;aust\u00e9rit\u00e9.<\/span><\/p>\n<p><span class=\"c2\">Cette crise survient \u00e0 peine deux mois avant une \u00e9lection parlementaire qui doit avoir lieu le 17 mars et dans le contexte d&rsquo;un confinement tr\u00e8s strict dans le pays pour lutter contre l&rsquo;\u00e9pid\u00e9mie de coronavirus. Rutte a annonc\u00e9 que les restrictions devraient rester en place au moins jusqu&rsquo;au 9 f\u00e9vrier.<\/span><\/p>\n<p>Auteur: letemps1<br \/>\n<a href=\"http:\/\/www.letemps.com.tn\/article\/118932\/le-gouvernement-n%C3%A9erlandais-pourrait-d%C3%A9missionner\">Cliquez ici pour lire l&rsquo;article depuis sa source.<\/a><\/p>\n","protected":false},"excerpt":{"rendered":"<p>Le Temps-Agences-Le Premier ministre n\u00e9erlandais Mark Rutte et ses ministres devaient d\u00e9cider hier s&rsquo;ils d\u00e9missionnent en raison de la mauvaise gestion que le gouvernement a fait des allocations de garde d&rsquo;enfants, apr\u00e8s qu&rsquo;une enqu\u00eate parlementaire a d\u00e9couvert le mois dernier que des milliers de familles ont \u00e9t\u00e9 pouss\u00e9es \u00e0 la ruine. Le rapport d&rsquo;enqu\u00eate indique [&hellip;]<\/p>\n","protected":false},"author":1773,"featured_media":0,"comment_status":"closed","ping_status":"closed","sticky":false,"template":"","format":"standard","meta":{"fifu_image_url":"","fifu_image_alt":"","footnotes":""},"categories":[73,55],"tags":[],"class_list":["post-109401","post","type-post","status-publish","format-standard","hentry","category-actualite","category-tunisie"],"_links":{"self":[{"href":"https:\/\/linitiative.ca\/International\/wp-json\/wp\/v2\/posts\/109401","targetHints":{"allow":["GET"]}}],"collection":[{"href":"https:\/\/linitiative.ca\/International\/wp-json\/wp\/v2\/posts"}],"about":[{"href":"https:\/\/linitiative.ca\/International\/wp-json\/wp\/v2\/types\/post"}],"author":[{"embeddable":true,"href":"https:\/\/linitiative.ca\/International\/wp-json\/wp\/v2\/users\/1773"}],"replies":[{"embeddable":true,"href":"https:\/\/linitiative.ca\/International\/wp-json\/wp\/v2\/comments?post=109401"}],"version-history":[{"count":0,"href":"https:\/\/linitiative.ca\/International\/wp-json\/wp\/v2\/posts\/109401\/revisions"}],"wp:attachment":[{"href":"https:\/\/linitiative.ca\/International\/wp-json\/wp\/v2\/media?parent=109401"}],"wp:term":[{"taxonomy":"category","embeddable":true,"href":"https:\/\/linitiative.ca\/International\/wp-json\/wp\/v2\/categories?post=109401"},{"taxonomy":"post_tag","embeddable":true,"href":"https:\/\/linitiative.ca\/International\/wp-json\/wp\/v2\/tags?post=109401"}],"curies":[{"name":"wp","href":"https:\/\/api.w.org\/{rel}","templated":true}]}}