{"id":109402,"date":"2021-01-15T18:00:00","date_gmt":"2021-01-15T23:00:00","guid":{"rendered":"https:\/\/linitiative.ca\/International\/lenteur-de-livraison-des-vaccins\/"},"modified":"2021-01-15T18:00:00","modified_gmt":"2021-01-15T23:00:00","slug":"lenteur-de-livraison-des-vaccins","status":"publish","type":"post","link":"https:\/\/linitiative.ca\/International\/lenteur-de-livraison-des-vaccins\/","title":{"rendered":"Lenteur de livraison des vaccins"},"content":{"rendered":"<p><span class=\"c2\"><strong>Le Temps-Agences &#8211; Plusieurs pays de l\u2019Union europ\u00e9enne se plaignent de recevoir des quantit\u00e9s inf\u00e9rieures aux attentes de vaccins contre le COVID-19 inf\u00e9rieures aux attentes et d\u00e9plorent des incertitudes sur les livraisons \u00e0 venir, a-t-on appris de plusieurs sources au sein de l\u2019Union.<\/strong><\/span><\/p>\n<p><span class=\"c2\">Alors que le vaccin d\u00e9velopp\u00e9 par Pfizer et BioNTech a commenc\u00e9 \u00e0 \u00eatre distribu\u00e9 dans l\u2019UE fin d\u00e9cembre et celui de Moderna cette semaine, un tiers environ des 27 pays membres ont \u00e9voqu\u00e9 des quantit\u00e9s disponibles \u201cinsuffisantes\u201d lors d\u2019une r\u00e9union en vid\u00e9o des ministres de la Sant\u00e9 mercredi, selon une personne qui a assist\u00e9 aux discussions.<\/span><\/p>\n<p><span class=\"c2\">Ces pays ont aussi mis en cause le manque de certitudes sur les livraisons futures, a ajout\u00e9 cette personne, sans d\u00e9signer aucun pays. La Belgique a d\u00e9j\u00e0 d\u00e9clar\u00e9 s\u2019attendre \u00e0 ne recevoir en janvier que la moiti\u00e9 environ des doses pr\u00e9vues du vaccin Pfizer-BioNTech en raison d\u2019un probl\u00e8me logistique et la Lituanie dit avoir \u00e9t\u00e9 inform\u00e9e cette semaine que ses livraisons seraient r\u00e9duites de moiti\u00e9 jusqu\u2019\u00e0 la mi-f\u00e9vrier. \u201cLe fabricant nous a dit que les r\u00e9ductions concernaient toute l\u2019UE\u201d a d\u00e9clar\u00e9 \u00e0 Reuters vendredi le porte-parole du minist\u00e8re de la Sant\u00e9 lituanien, Vytautas Beniusis.<\/span><\/p>\n<p><span class=\"c2\">L\u2019Italie a re\u00e7u des quantit\u00e9s inf\u00e9rieures aux attentes d\u00e9but janvier mais le probl\u00e8me semble en passe d\u2019\u00eatre r\u00e9gl\u00e9, a pr\u00e9cis\u00e9 un responsable italien. Une porte-parole de Pfizer a assur\u00e9 que les livraisons se poursuivaient \u201cselon le calendrier convenu\u201d.<\/span><\/p>\n<p><span class=\"c2\">La production ne conna\u00eet aucun probl\u00e8me mais les dates pr\u00e9vues constituent des objectifs et sont donc susceptibles d\u2019\u00eatre modifi\u00e9es, a-t-elle ajout\u00e9. Des livraisons mal r\u00e9partie ? Une autre source au sein de l\u2019UE a d\u00e9clar\u00e9 \u00e0 Reuters que lors d\u2019une deuxi\u00e8me r\u00e9union mercredi, un repr\u00e9sentant de la Commission avait expliqu\u00e9 que les livraisons seraient limit\u00e9es au moins jusqu\u2019en mars et que la production n\u2019augmenterait de mani\u00e8re notable qu\u2019en septembre.<\/span><\/p>\n<p><span class=\"c2\">\u00a0Pfizer et BioNTech ont sign\u00e9 avec l\u2019UE des contrats pr\u00e9voyant la livraison de jusqu\u2019\u00e0 600 millions de doses de leur vaccin cette ann\u00e9e, dont 75 millions au deuxi\u00e8me trimestre, les volumes pr\u00e9vus pour les trois premiers mois de l\u2019ann\u00e9e n\u2019ayant pas \u00e9t\u00e9 pr\u00e9cis\u00e9s publiquement. Moderna, de son c\u00f4t\u00e9, s\u2019est engag\u00e9 \u00e0 livrer 10 millions de doses d\u2019ici fin mars, puis 35 millions de doses au deuxi\u00e8me trimestre et autant au troisi\u00e8me. Quatre-vingts millions de doses suppl\u00e9mentaires doivent \u00eatre livr\u00e9es avant la fin de l\u2019ann\u00e9e, mais sans qu\u2019un calendrier d\u00e9taill\u00e9 ait \u00e9t\u00e9 publi\u00e9.<\/span><\/p>\n<p>Auteur: letemps1<br \/>\n<a href=\"http:\/\/www.letemps.com.tn\/article\/118933\/lenteur-de-livraison-des-vaccins\">Cliquez ici pour lire l&rsquo;article depuis sa source.<\/a><\/p>\n","protected":false},"excerpt":{"rendered":"<p>Le Temps-Agences &#8211; Plusieurs pays de l\u2019Union europ\u00e9enne se plaignent de recevoir des quantit\u00e9s inf\u00e9rieures aux attentes de vaccins contre le COVID-19 inf\u00e9rieures aux attentes et d\u00e9plorent des incertitudes sur les livraisons \u00e0 venir, a-t-on appris de plusieurs sources au sein de l\u2019Union. Alors que le vaccin d\u00e9velopp\u00e9 par Pfizer et BioNTech a commenc\u00e9 \u00e0 [&hellip;]<\/p>\n","protected":false},"author":1773,"featured_media":0,"comment_status":"closed","ping_status":"closed","sticky":false,"template":"","format":"standard","meta":{"fifu_image_url":"","fifu_image_alt":"","footnotes":""},"categories":[73,55],"tags":[],"class_list":["post-109402","post","type-post","status-publish","format-standard","hentry","category-actualite","category-tunisie"],"_links":{"self":[{"href":"https:\/\/linitiative.ca\/International\/wp-json\/wp\/v2\/posts\/109402","targetHints":{"allow":["GET"]}}],"collection":[{"href":"https:\/\/linitiative.ca\/International\/wp-json\/wp\/v2\/posts"}],"about":[{"href":"https:\/\/linitiative.ca\/International\/wp-json\/wp\/v2\/types\/post"}],"author":[{"embeddable":true,"href":"https:\/\/linitiative.ca\/International\/wp-json\/wp\/v2\/users\/1773"}],"replies":[{"embeddable":true,"href":"https:\/\/linitiative.ca\/International\/wp-json\/wp\/v2\/comments?post=109402"}],"version-history":[{"count":0,"href":"https:\/\/linitiative.ca\/International\/wp-json\/wp\/v2\/posts\/109402\/revisions"}],"wp:attachment":[{"href":"https:\/\/linitiative.ca\/International\/wp-json\/wp\/v2\/media?parent=109402"}],"wp:term":[{"taxonomy":"category","embeddable":true,"href":"https:\/\/linitiative.ca\/International\/wp-json\/wp\/v2\/categories?post=109402"},{"taxonomy":"post_tag","embeddable":true,"href":"https:\/\/linitiative.ca\/International\/wp-json\/wp\/v2\/tags?post=109402"}],"curies":[{"name":"wp","href":"https:\/\/api.w.org\/{rel}","templated":true}]}}