{"id":109406,"date":"2021-01-16T15:14:04","date_gmt":"2021-01-16T20:14:04","guid":{"rendered":"https:\/\/linitiative.ca\/International\/pros-ac-milan-bonne-nouvelle-pour-bennacer\/"},"modified":"2021-01-16T15:14:04","modified_gmt":"2021-01-16T20:14:04","slug":"pros-ac-milan-bonne-nouvelle-pour-bennacer","status":"publish","type":"post","link":"https:\/\/linitiative.ca\/International\/pros-ac-milan-bonne-nouvelle-pour-bennacer\/","title":{"rendered":"Pros : AC Milan: Bonne nouvelle pour Bennacer"},"content":{"rendered":"<div readability=\"32\">\n<p>Auteur : <span>Riad O.<\/span> <span class=\"time\">samedi 16 janvier 2021 16:07<\/span><\/p>\n<\/div>\n<div id=\"post_core\" readability=\"40\">\n<p>Bonne nouvelle pour le joueur milieu de terrain Alg\u00e9rien de l\u2019AC Milan, Isma\u00ebl Bennacer. Ce dernier a, enfin, eu le feu vert pour reprendre le chemin des entra\u00eenements. Selon certains m\u00e9dias italiens, Bennacer s\u2019est remis de cette blessure contract\u00e9e le mois\u00a0 dernier. La m\u00eame source a ajout\u00e9 que Bennacer s\u2019est entra\u00een\u00e9 aujourd\u2019hui en solo. Cependant, le meilleur joueur de la derni\u00e8re CAN ne sera pas concern\u00e9 par le prochain match de son \u00e9quipe pr\u00e9vu lundi face \u00e0 Cagliari.<\/p>\n<p><u><strong>Riad O.<\/strong><\/u><\/p>\n<p><strong>Publi\u00e9 dans :<\/strong> <span>BENNACER<\/span><\/p>\n<\/div>\n<p>Auteur:<br \/>\n<a href=\"http:\/\/www.lebuteur.com\/article\/detail?titre=ac-milan-bonne-nouvelle-pour-bennacer&#038;id=98737&#038;utm_source=feedburner&#038;utm_medium=feed&#038;utm_campaign=Feed%3A+GalerieFArtciles+%28Les+derniers+articles++-+lebuteur.com%29\">Cliquez ici pour lire l&rsquo;article depuis sa source.<\/a><\/p>\n","protected":false},"excerpt":{"rendered":"<p>Auteur : Riad O. samedi 16 janvier 2021 16:07 Bonne nouvelle pour le joueur milieu de terrain Alg\u00e9rien de l\u2019AC Milan, Isma\u00ebl Bennacer. Ce dernier a, enfin, eu le feu vert pour reprendre le chemin des entra\u00eenements. Selon certains m\u00e9dias italiens, Bennacer s\u2019est remis de cette blessure contract\u00e9e le mois\u00a0 dernier. La m\u00eame source a [&hellip;]<\/p>\n","protected":false},"author":1738,"featured_media":0,"comment_status":"closed","ping_status":"closed","sticky":false,"template":"","format":"standard","meta":{"fifu_image_url":"\/\/cdn.lebuteur.com\/data\/images\/article\/thumbs\/large-ac-milan-bonne-nouvelle-pour-bennacer-583e7.jpg","fifu_image_alt":"Pros : AC Milan: Bonne nouvelle pour Bennacer","footnotes":""},"categories":[53,75],"tags":[],"class_list":["post-109406","post","type-post","status-publish","format-standard","hentry","category-algerie","category-sport"],"_links":{"self":[{"href":"https:\/\/linitiative.ca\/International\/wp-json\/wp\/v2\/posts\/109406","targetHints":{"allow":["GET"]}}],"collection":[{"href":"https:\/\/linitiative.ca\/International\/wp-json\/wp\/v2\/posts"}],"about":[{"href":"https:\/\/linitiative.ca\/International\/wp-json\/wp\/v2\/types\/post"}],"author":[{"embeddable":true,"href":"https:\/\/linitiative.ca\/International\/wp-json\/wp\/v2\/users\/1738"}],"replies":[{"embeddable":true,"href":"https:\/\/linitiative.ca\/International\/wp-json\/wp\/v2\/comments?post=109406"}],"version-history":[{"count":0,"href":"https:\/\/linitiative.ca\/International\/wp-json\/wp\/v2\/posts\/109406\/revisions"}],"wp:attachment":[{"href":"https:\/\/linitiative.ca\/International\/wp-json\/wp\/v2\/media?parent=109406"}],"wp:term":[{"taxonomy":"category","embeddable":true,"href":"https:\/\/linitiative.ca\/International\/wp-json\/wp\/v2\/categories?post=109406"},{"taxonomy":"post_tag","embeddable":true,"href":"https:\/\/linitiative.ca\/International\/wp-json\/wp\/v2\/tags?post=109406"}],"curies":[{"name":"wp","href":"https:\/\/api.w.org\/{rel}","templated":true}]}}