{"id":109407,"date":"2021-01-16T15:14:07","date_gmt":"2021-01-16T20:14:07","guid":{"rendered":"https:\/\/linitiative.ca\/International\/pros-guardiola-mahrez-merite-davoir-plus-de-temps-de-jeu-mais\/"},"modified":"2021-01-16T15:14:07","modified_gmt":"2021-01-16T20:14:07","slug":"pros-guardiola-mahrez-merite-davoir-plus-de-temps-de-jeu-mais","status":"publish","type":"post","link":"https:\/\/linitiative.ca\/International\/pros-guardiola-mahrez-merite-davoir-plus-de-temps-de-jeu-mais\/","title":{"rendered":"Pros : Guardiola : \u00abMahrez m\u00e9rite d\u2019avoir plus de temps de jeu, mais\u2026\u00bb"},"content":{"rendered":"<div readability=\"32\">\n<p>Auteur : <span>Riad Ouenzar<\/span> <span class=\"time\">samedi 16 janvier 2021 16:51<\/span><\/p>\n<\/div>\n<div id=\"post_core\" readability=\"41\">\n<p>Dans un entretien accord\u00e9 \u00e0 beIN Sports, l\u2019entra\u00eeneur espagnol de Manchester City, Pep Guardiola a \u00e9voqu\u00e9 la situation de son joueur Alg\u00e9rien, Riyad Mahrez: \u00abJe suis convaincu qu\u2019il m\u00e9rite d\u2019avoir plus de temps de jeu. Mais Cela n\u2019est pas valable seulement pour lui. D\u2019autres joueurs m\u00e9ritent eux aussi de jouer \u00e9galement. Je dois \u00eatre juste avec tous les joueurs de mon effectif. Je faix mes choix en fonction de mon \u00e9valuation des s\u00e9ances d\u2019entra\u00eenements qu\u2019effectuent mes joueurs.\u00bb a-t-il d\u00e9clar\u00e9, avant d\u2019ajouter: \u00abMahrez a des qualit\u00e9s exceptionnelles. Il sait qu\u2019il est important pour l\u2019\u00e9quipe.\u00bb\u00a0<\/p>\n<p><u><strong>Riad Ouenzar\u00a0<\/strong><\/u><\/p>\n<p><strong>Publi\u00e9 dans :<\/strong> <span>Guardiola<\/span> <span>Mahrez<\/span><\/p>\n<\/div>\n<p>Auteur:<br \/>\n<a href=\"http:\/\/www.lebuteur.com\/article\/detail?titre=guardiola-mahrez-merite-davoir-plus-de-temps-de-jeu-mais%E2%80%A6&#038;id=98738&#038;utm_source=feedburner&#038;utm_medium=feed&#038;utm_campaign=Feed%3A+GalerieFArtciles+%28Les+derniers+articles++-+lebuteur.com%29\">Cliquez ici pour lire l&rsquo;article depuis sa source.<\/a><\/p>\n","protected":false},"excerpt":{"rendered":"<p>Auteur : Riad Ouenzar samedi 16 janvier 2021 16:51 Dans un entretien accord\u00e9 \u00e0 beIN Sports, l\u2019entra\u00eeneur espagnol de Manchester City, Pep Guardiola a \u00e9voqu\u00e9 la situation de son joueur Alg\u00e9rien, Riyad Mahrez: \u00abJe suis convaincu qu\u2019il m\u00e9rite d\u2019avoir plus de temps de jeu. Mais Cela n\u2019est pas valable seulement pour lui. D\u2019autres joueurs m\u00e9ritent [&hellip;]<\/p>\n","protected":false},"author":1738,"featured_media":0,"comment_status":"closed","ping_status":"closed","sticky":false,"template":"","format":"standard","meta":{"fifu_image_url":"\/\/cdn.lebuteur.com\/data\/images\/article\/thumbs\/large-guardiola-mahrez-merite-davoir-plus-de-temps-de-jeu-mais\u2026-ba1f1.jpg","fifu_image_alt":"Pros : Guardiola : \u00abMahrez m\u00e9rite d\u2019avoir plus de temps de jeu, mais\u2026\u00bb","footnotes":""},"categories":[53,75],"tags":[],"class_list":["post-109407","post","type-post","status-publish","format-standard","hentry","category-algerie","category-sport"],"_links":{"self":[{"href":"https:\/\/linitiative.ca\/International\/wp-json\/wp\/v2\/posts\/109407","targetHints":{"allow":["GET"]}}],"collection":[{"href":"https:\/\/linitiative.ca\/International\/wp-json\/wp\/v2\/posts"}],"about":[{"href":"https:\/\/linitiative.ca\/International\/wp-json\/wp\/v2\/types\/post"}],"author":[{"embeddable":true,"href":"https:\/\/linitiative.ca\/International\/wp-json\/wp\/v2\/users\/1738"}],"replies":[{"embeddable":true,"href":"https:\/\/linitiative.ca\/International\/wp-json\/wp\/v2\/comments?post=109407"}],"version-history":[{"count":0,"href":"https:\/\/linitiative.ca\/International\/wp-json\/wp\/v2\/posts\/109407\/revisions"}],"wp:attachment":[{"href":"https:\/\/linitiative.ca\/International\/wp-json\/wp\/v2\/media?parent=109407"}],"wp:term":[{"taxonomy":"category","embeddable":true,"href":"https:\/\/linitiative.ca\/International\/wp-json\/wp\/v2\/categories?post=109407"},{"taxonomy":"post_tag","embeddable":true,"href":"https:\/\/linitiative.ca\/International\/wp-json\/wp\/v2\/tags?post=109407"}],"curies":[{"name":"wp","href":"https:\/\/api.w.org\/{rel}","templated":true}]}}