{"id":109409,"date":"2021-01-16T15:14:12","date_gmt":"2021-01-16T20:14:12","guid":{"rendered":"https:\/\/linitiative.ca\/International\/pros-ligue-1-france-victoire-importante-de-nimes-et-ferhat-face-a-lom\/"},"modified":"2021-01-16T15:14:12","modified_gmt":"2021-01-16T20:14:12","slug":"pros-ligue-1-france-victoire-importante-de-nimes-et-ferhat-face-a-lom","status":"publish","type":"post","link":"https:\/\/linitiative.ca\/International\/pros-ligue-1-france-victoire-importante-de-nimes-et-ferhat-face-a-lom\/","title":{"rendered":"Pros : Ligue 1 (France) : Victoire importante de N\u00eemes et Ferhat face \u00e0 l&rsquo;OM"},"content":{"rendered":"<div readability=\"32\">\n<p>Auteur : <span class=\"time\">samedi 16 janvier 2021 19:07<\/span><\/p>\n<\/div>\n<div id=\"post_core\" readability=\"47\">\n<p>Les joueurs d\u2019Andr\u00e9 Villas-Boas ont manqu\u00e9 deux grosses occasions en premi\u00e8re p\u00e9riode, dont un penalty de Florian Thauvin, avant d\u2019encaisser deux buts du Su\u00e9dois Niclas Eliasson (1-2)\u00a0en deuxi\u00e8me mi-temps, ce samedi, lors de la 20e journ\u00e9e de Ligue 1 fran\u00e7aise. Dario Benedetto a r\u00e9duit le score en toute fin de partie pour l&rsquo;OM, en vain. Lanterne rouge avant la partie, les Crocos grimpent (provisoirement ?) \u00e0 la 18e place, devant Dijon et Lorient.<\/p>\n<p>Zin\u00e9dine Ferhat a \u00e9t\u00e9 capable de faire des diff\u00e9rences dans ce match. Il a \u00e9t\u00e9 \u00e0 l&rsquo;origine des meilleures actions des Crocos et a \u00e9t\u00e9 d&rsquo;ailleurs impliqu\u00e9 sur les buts marqu\u00e9s par son \u00e9quipe. Individuellement, il a fait du mal aux Marseillais.<br \/>\u00a0<\/p>\n<p><strong>Publi\u00e9 dans :<\/strong> <span>ferhat<\/span><\/p>\n<\/div>\n<p>Auteur:<br \/>\n<a href=\"http:\/\/www.lebuteur.com\/article\/detail?titre=ligue-1-france-victoire-importante-de-nimes-et-ferhat-face-a-lom&#038;id=98740&#038;utm_source=feedburner&#038;utm_medium=feed&#038;utm_campaign=Feed%3A+GalerieFArtciles+%28Les+derniers+articles++-+lebuteur.com%29\">Cliquez ici pour lire l&rsquo;article depuis sa source.<\/a><\/p>\n","protected":false},"excerpt":{"rendered":"<p>Auteur : samedi 16 janvier 2021 19:07 Les joueurs d\u2019Andr\u00e9 Villas-Boas ont manqu\u00e9 deux grosses occasions en premi\u00e8re p\u00e9riode, dont un penalty de Florian Thauvin, avant d\u2019encaisser deux buts du Su\u00e9dois Niclas Eliasson (1-2)\u00a0en deuxi\u00e8me mi-temps, ce samedi, lors de la 20e journ\u00e9e de Ligue 1 fran\u00e7aise. Dario Benedetto a r\u00e9duit le score en toute [&hellip;]<\/p>\n","protected":false},"author":1738,"featured_media":0,"comment_status":"closed","ping_status":"closed","sticky":false,"template":"","format":"standard","meta":{"fifu_image_url":"\/\/cdn.lebuteur.com\/data\/images\/article\/thumbs\/large-ligue-1-france-victoire-importante-de-nimes-et-ferhat-face-a-lom-33aee.jpg","fifu_image_alt":"Pros : Ligue 1 (France) : Victoire importante de N\u00eemes et Ferhat face \u00e0 l'OM","footnotes":""},"categories":[53,75],"tags":[],"class_list":["post-109409","post","type-post","status-publish","format-standard","hentry","category-algerie","category-sport"],"_links":{"self":[{"href":"https:\/\/linitiative.ca\/International\/wp-json\/wp\/v2\/posts\/109409","targetHints":{"allow":["GET"]}}],"collection":[{"href":"https:\/\/linitiative.ca\/International\/wp-json\/wp\/v2\/posts"}],"about":[{"href":"https:\/\/linitiative.ca\/International\/wp-json\/wp\/v2\/types\/post"}],"author":[{"embeddable":true,"href":"https:\/\/linitiative.ca\/International\/wp-json\/wp\/v2\/users\/1738"}],"replies":[{"embeddable":true,"href":"https:\/\/linitiative.ca\/International\/wp-json\/wp\/v2\/comments?post=109409"}],"version-history":[{"count":0,"href":"https:\/\/linitiative.ca\/International\/wp-json\/wp\/v2\/posts\/109409\/revisions"}],"wp:attachment":[{"href":"https:\/\/linitiative.ca\/International\/wp-json\/wp\/v2\/media?parent=109409"}],"wp:term":[{"taxonomy":"category","embeddable":true,"href":"https:\/\/linitiative.ca\/International\/wp-json\/wp\/v2\/categories?post=109409"},{"taxonomy":"post_tag","embeddable":true,"href":"https:\/\/linitiative.ca\/International\/wp-json\/wp\/v2\/tags?post=109409"}],"curies":[{"name":"wp","href":"https:\/\/api.w.org\/{rel}","templated":true}]}}