{"id":109410,"date":"2021-01-16T15:14:15","date_gmt":"2021-01-16T20:14:15","guid":{"rendered":"https:\/\/linitiative.ca\/International\/pros-le-groupe-de-lol-face-a-metz-avec-ismal-slimani\/"},"modified":"2021-01-16T15:14:15","modified_gmt":"2021-01-16T20:14:15","slug":"pros-le-groupe-de-lol-face-a-metz-avec-ismal-slimani","status":"publish","type":"post","link":"https:\/\/linitiative.ca\/International\/pros-le-groupe-de-lol-face-a-metz-avec-ismal-slimani\/","title":{"rendered":"Pros : Le groupe de l&rsquo;OL face \u00e0 Metz avec Ismal Slimani"},"content":{"rendered":"<div readability=\"32\">\n<p>Auteur : <span class=\"time\">samedi 16 janvier 2021 20:12<\/span><\/p>\n<\/div>\n<div id=\"post_core\" readability=\"36\">\n<p>A l&rsquo;occasion de ce match, Rudi Garcia a choisi son groupe et il n&rsquo;y a aucune surprise. Arriv\u00e9 chez les Gones cette semaine, l&rsquo;attaquant alg\u00e9rien Islam Slimani est bel et bien l\u00e0. Reste d\u00e9sormais \u00e0 savoir s&rsquo;il d\u00e9butera ou non contre les Grenats :<\/p>\n<p><img decoding=\"async\" alt=\"\" src=\"https:\/\/pbs.twimg.com\/media\/Er3_1PKXYAIEK-6?format=jpg&amp;name=small\" class=\"c1\" \/><\/p>\n<p><strong>Publi\u00e9 dans :<\/strong> <span>slimani<\/span><\/p>\n<\/div>\n<p>Auteur:<br \/>\n<a href=\"http:\/\/www.lebuteur.com\/article\/detail?titre=le-groupe-de-lol-face-a-metz-avec-ismal-slimani&#038;id=98741&#038;utm_source=feedburner&#038;utm_medium=feed&#038;utm_campaign=Feed%3A+GalerieFArtciles+%28Les+derniers+articles++-+lebuteur.com%29\">Cliquez ici pour lire l&rsquo;article depuis sa source.<\/a><\/p>\n","protected":false},"excerpt":{"rendered":"<p>Auteur : samedi 16 janvier 2021 20:12 A l&rsquo;occasion de ce match, Rudi Garcia a choisi son groupe et il n&rsquo;y a aucune surprise. Arriv\u00e9 chez les Gones cette semaine, l&rsquo;attaquant alg\u00e9rien Islam Slimani est bel et bien l\u00e0. Reste d\u00e9sormais \u00e0 savoir s&rsquo;il d\u00e9butera ou non contre les Grenats : Publi\u00e9 dans : slimani [&hellip;]<\/p>\n","protected":false},"author":1738,"featured_media":0,"comment_status":"closed","ping_status":"closed","sticky":false,"template":"","format":"standard","meta":{"fifu_image_url":"\/\/cdn.lebuteur.com\/data\/images\/article\/thumbs\/large-le-groupe-de-lol-face-a-metz-avec-ismal-slimani-6cd48.jpg","fifu_image_alt":"Pros : Le groupe de l'OL face \u00e0 Metz avec Ismal Slimani","footnotes":""},"categories":[53,75],"tags":[],"class_list":["post-109410","post","type-post","status-publish","format-standard","hentry","category-algerie","category-sport"],"_links":{"self":[{"href":"https:\/\/linitiative.ca\/International\/wp-json\/wp\/v2\/posts\/109410","targetHints":{"allow":["GET"]}}],"collection":[{"href":"https:\/\/linitiative.ca\/International\/wp-json\/wp\/v2\/posts"}],"about":[{"href":"https:\/\/linitiative.ca\/International\/wp-json\/wp\/v2\/types\/post"}],"author":[{"embeddable":true,"href":"https:\/\/linitiative.ca\/International\/wp-json\/wp\/v2\/users\/1738"}],"replies":[{"embeddable":true,"href":"https:\/\/linitiative.ca\/International\/wp-json\/wp\/v2\/comments?post=109410"}],"version-history":[{"count":0,"href":"https:\/\/linitiative.ca\/International\/wp-json\/wp\/v2\/posts\/109410\/revisions"}],"wp:attachment":[{"href":"https:\/\/linitiative.ca\/International\/wp-json\/wp\/v2\/media?parent=109410"}],"wp:term":[{"taxonomy":"category","embeddable":true,"href":"https:\/\/linitiative.ca\/International\/wp-json\/wp\/v2\/categories?post=109410"},{"taxonomy":"post_tag","embeddable":true,"href":"https:\/\/linitiative.ca\/International\/wp-json\/wp\/v2\/tags?post=109410"}],"curies":[{"name":"wp","href":"https:\/\/api.w.org\/{rel}","templated":true}]}}