{"id":109411,"date":"2021-01-16T12:01:00","date_gmt":"2021-01-16T17:01:00","guid":{"rendered":"https:\/\/linitiative.ca\/International\/pr-hedi-khairi-propose-ministre-de-la-sante-et-limperatif-de-reussir-la-vaccination\/"},"modified":"2021-01-16T12:01:00","modified_gmt":"2021-01-16T17:01:00","slug":"pr-hedi-khairi-propose-ministre-de-la-sante-et-limperatif-de-reussir-la-vaccination","status":"publish","type":"post","link":"https:\/\/linitiative.ca\/International\/pr-hedi-khairi-propose-ministre-de-la-sante-et-limperatif-de-reussir-la-vaccination\/","title":{"rendered":"Pr H\u00e9di Khairi, propos\u00e9 ministre de la Sant\u00e9, et l\u2019imp\u00e9ratif de r\u00e9ussir la vaccination"},"content":{"rendered":"<p>C\u2019est le troisi\u00e8me ministre issu\u00a0 de la Facult\u00e9 de M\u00e9decine de Sousse. Apr\u00e8s Souad Yaacoubi, et Abdelkrim Zbidi, le Pr H\u00e9di Khairi aura la rude t\u00e2che de reprendre en main un minist\u00e8re de la Sant\u00e9 \u00e0 la d\u00e9rive. Son contrat de base\u00a0: retaper la strat\u00e9gie de vaccination anti-Covid et r\u00e9ussir sa mise en \u0153uvre.<\/p>\n<p>A 66 ans, ce natif de Gbat \u00e0 Jelma (Sidi Bouzid), il est chef de service de gyn\u00e9cologie obst\u00e9trique \u00e0 l\u2019h\u00f4pital Farhat Hached, depuis, 32 ans. Ancien Assistant \u00e0 l\u2019h\u00f4pital Claude Bernard \u00e0 Lyon (1982 \u2013 1983), il capitalise une riche expertise.\u00a0 Auteur d\u2019un ouvrage de r\u00e9f\u00e9rence, intitul\u00e9 \u00ab\u00a0Les protocoles en gyn\u00e9cologie obst\u00e9trique\u00a0\u00bb, il aligne plus de 200 publications scientifiques,<br \/>\u00a0<\/p>\n<p>Auteur:<br \/>\n<a href=\"https:\/\/www.leaders.com.tn\/article\/31270-hedi-khairi\">Cliquez ici pour lire l&rsquo;article depuis sa source.<\/a><\/p>\n","protected":false},"excerpt":{"rendered":"<p>C\u2019est le troisi\u00e8me ministre issu\u00a0 de la Facult\u00e9 de M\u00e9decine de Sousse. Apr\u00e8s Souad Yaacoubi, et Abdelkrim Zbidi, le Pr H\u00e9di Khairi aura la rude t\u00e2che de reprendre en main un minist\u00e8re de la Sant\u00e9 \u00e0 la d\u00e9rive. Son contrat de base\u00a0: retaper la strat\u00e9gie de vaccination anti-Covid et r\u00e9ussir sa mise en \u0153uvre. A [&hellip;]<\/p>\n","protected":false},"author":1772,"featured_media":0,"comment_status":"closed","ping_status":"closed","sticky":false,"template":"","format":"standard","meta":{"fifu_image_url":"","fifu_image_alt":"","footnotes":""},"categories":[73,55],"tags":[],"class_list":["post-109411","post","type-post","status-publish","format-standard","hentry","category-actualite","category-tunisie"],"_links":{"self":[{"href":"https:\/\/linitiative.ca\/International\/wp-json\/wp\/v2\/posts\/109411","targetHints":{"allow":["GET"]}}],"collection":[{"href":"https:\/\/linitiative.ca\/International\/wp-json\/wp\/v2\/posts"}],"about":[{"href":"https:\/\/linitiative.ca\/International\/wp-json\/wp\/v2\/types\/post"}],"author":[{"embeddable":true,"href":"https:\/\/linitiative.ca\/International\/wp-json\/wp\/v2\/users\/1772"}],"replies":[{"embeddable":true,"href":"https:\/\/linitiative.ca\/International\/wp-json\/wp\/v2\/comments?post=109411"}],"version-history":[{"count":0,"href":"https:\/\/linitiative.ca\/International\/wp-json\/wp\/v2\/posts\/109411\/revisions"}],"wp:attachment":[{"href":"https:\/\/linitiative.ca\/International\/wp-json\/wp\/v2\/media?parent=109411"}],"wp:term":[{"taxonomy":"category","embeddable":true,"href":"https:\/\/linitiative.ca\/International\/wp-json\/wp\/v2\/categories?post=109411"},{"taxonomy":"post_tag","embeddable":true,"href":"https:\/\/linitiative.ca\/International\/wp-json\/wp\/v2\/tags?post=109411"}],"curies":[{"name":"wp","href":"https:\/\/api.w.org\/{rel}","templated":true}]}}