{"id":109414,"date":"2021-01-16T13:14:00","date_gmt":"2021-01-16T18:14:00","guid":{"rendered":"https:\/\/linitiative.ca\/International\/qui-est-chiheb-ben-ahmed-ministre-propose-aux-affaires-locales-et-a-lenvironnement-ancien-ministre-des-transports\/"},"modified":"2021-01-16T13:14:00","modified_gmt":"2021-01-16T18:14:00","slug":"qui-est-chiheb-ben-ahmed-ministre-propose-aux-affaires-locales-et-a-lenvironnement-ancien-ministre-des-transports","status":"publish","type":"post","link":"https:\/\/linitiative.ca\/International\/qui-est-chiheb-ben-ahmed-ministre-propose-aux-affaires-locales-et-a-lenvironnement-ancien-ministre-des-transports\/","title":{"rendered":"Qui est  Chiheb Ben Ahmed ministre propos\u00e9 aux Affaires locales et \u00e0 l\u2019Environnement, ancien ministre des Transports"},"content":{"rendered":"<p><span class=\"c3\"><span class=\"c2\"><strong>Exp\u00e9rience professionnelle<\/strong><\/span><\/span><\/p>\n<p><span class=\"c4\"><strong>\u2022 Novembre 2020 :<\/strong><\/span> Pr\u00e9sident Directeur G\u00e9n\u00e9ral du Centre de Promotion des Exportations<\/p>\n<p><span class=\"c4\"><strong>\u2022 Avril 2020 :<\/strong><\/span> Pr\u00e9sident Directeur G\u00e9n\u00e9ral de la Soci\u00e9t\u00e9 Nationale des Chemins de Fer Tunisiens<\/p>\n<p><span class=\"c4\"><strong>\u2022 F\u00e9vrier 2019 :<\/strong><\/span> Directeur G\u00e9n\u00e9ral Adjoint de TUNISAIR<\/p>\n<p><span class=\"c4\"><strong>\u2022 D\u00e9cembre 2017 :<\/strong><\/span> Directeur G\u00e9n\u00e9ral de Poulina Group Holding\u00a0<\/p>\n<p><span class=\"c4\"><strong>\u2022 Ao\u00fbt 2015 :<\/strong><\/span> Directeur G\u00e9n\u00e9ral Adjoint \u00e0 Poulina Group Holding<\/p>\n<p><span class=\"c4\"><strong>\u2022 Mai 2015 :<\/strong><\/span> Directeur Central \u00e0 Tunisair<\/p>\n<p><span class=\"c4\"><strong>\u2022 2014 :<\/strong><\/span> Ministre du Transport<\/p>\n<p><span class=\"c4\"><strong>\u2022 2013 :<\/strong><\/span> Directeur G\u00e9n\u00e9ral Adjoint de TUNISAIR, Directeur G\u00e9n\u00e9ral et Pr\u00e9sident du Conseil d\u2019Administration de TUNISAIR Technics.<\/p>\n<p><span class=\"c4\"><strong>\u2022 2012 :<\/strong><\/span> En sus de la fonction de DGA de TUNISAIR, Directeur G\u00e9n\u00e9ral et Pr\u00e9sident du Conseil d\u2019Administration de TUNISAIR Handing, Directeur G\u00e9n\u00e9ral de AISA-TUNISAIR<\/p>\n<p><span class=\"c4\"><strong>\u2022 2011 :<\/strong><\/span> Repr\u00e9sentant G\u00e9n\u00e9ral de TUNISAIR en Egypte.<\/p>\n<p><span class=\"c4\"><strong>\u2022 2008 :<\/strong><\/span> Directeur de l\u2019Exploitation, du Catering et du Fret.<\/p>\n<p><span class=\"c4\"><strong>\u2022 2001 :<\/strong><\/span> Directeur des T\u00e9l\u00e9communications.<\/p>\n<p><span class=\"c4\"><strong>\u2022 1999 :<\/strong><\/span> Administrateur des Projets IT.<\/p>\n<p><span class=\"c4\"><strong>\u2022 1992 :<\/strong><\/span> Ing\u00e9nieur principal S\u00e9curit\u00e9 et R\u00e9seaux.<\/p>\n<p><span class=\"c4\"><strong>\u2022 1991 :<\/strong><\/span> Ing\u00e9nieur-chercheur \u00e0 l\u2019Institut R\u00e9gional des Sciences de l\u2019Informatique et des T\u00e9l\u00e9communications-Tunis (IRSIT).<\/p>\n<p><span class=\"c2\"><span class=\"c3\"><strong>Formation<\/strong><\/span><\/span><\/p>\n<p><span class=\"c4\"><strong>\u2022 1985 :<\/strong><\/span> Baccalaur\u00e9at Math-Sciences.\u00a0<\/p>\n<p><span class=\"c4\"><strong>\u2022 1991 :<\/strong><\/span> Dipl\u00f4me d\u2019Ing\u00e9nieur Principal en G\u00e9nie Electrique \u2013 Ecole Nationale d\u2019Ing\u00e9nieurs de TUNIS (ENIT).<\/p>\n<p><span class=\"c4\"><strong>\u2022 1992 :<\/strong><\/span> Dipl\u00f4me d\u2019Etudes Approfondies en T\u00e9l\u00e9communications \u2013 Ecole Nationale d\u2019Ing\u00e9nieurs de TUNIS (ENIT).<\/p>\n<p><span class=\"c4\"><strong>\u2022 1999 :<\/strong><\/span> Doctorat d\u2019Universit\u00e9 en G\u00e9nie Electrique &#8211; option : T\u00e9l\u00e9communications \u2013 Ecole Nationale d\u2019Ing\u00e9nieurs de Tunis.<\/p>\n<p><span class=\"c3\"><span class=\"c2\"><strong>Langues<\/strong><\/span><\/span><\/p>\n<p><span class=\"c4\">\u2022<\/span> Arabe \/ Fran\u00e7ais \/ Anglais : Lues, Ecrites et parl\u00e9es.<\/p>\n<p><span class=\"c2\"><span class=\"c3\"><strong>Autres r\u00e9alisations (activit\u00e9s)<\/strong><\/span><\/span><\/p>\n<p><span class=\"c4\">\u2022<\/span> 35 Publications de recherches scientifiques (revues et conf\u00e9rences internationales) en mod\u00e9lisation analytique, r\u00e9seaux intelligents, cryptanalyse, routage intelligent, planification \/ dimensionnement et mod\u00e9lisation stochastique etc.\u2026.<\/p>\n<p><span class=\"c4\">\u2022<\/span> Supervision et participation, \u00e0 l\u2019\u00e9chelle Nationale et Internationale, \u00e0 plusieurs \u00e9tudes et la r\u00e9alisation de\u00a0 projets de d\u00e9veloppement dans les domaines du transport, logistique, fret, IT, technico-\u00e9conomique etc.\u2026.<\/p>\n<p><span class=\"c4\">\u2022<\/span> Repr\u00e9sentant de la Tunisie dans les activit\u00e9s de plusieurs Organisations Internationales sp\u00e9cialis\u00e9es en commerce et fret, logistique, transport a\u00e9rien, transport multimodal, etc, \u2026<\/p>\n<p>Auteur:<br \/>\n<a href=\"https:\/\/www.leaders.com.tn\/article\/31274-qui-est-chiheb-ben-ahmed-le-nouveau-ministre-pressenti-aux-affaires-locales-et-a-l-environnement-ancien-ministre-des-transports\">Cliquez ici pour lire l&rsquo;article depuis sa source.<\/a><\/p>\n","protected":false},"excerpt":{"rendered":"<p>Exp\u00e9rience professionnelle \u2022 Novembre 2020 : Pr\u00e9sident Directeur G\u00e9n\u00e9ral du Centre de Promotion des Exportations \u2022 Avril 2020 : Pr\u00e9sident Directeur G\u00e9n\u00e9ral de la Soci\u00e9t\u00e9 Nationale des Chemins de Fer Tunisiens \u2022 F\u00e9vrier 2019 : Directeur G\u00e9n\u00e9ral Adjoint de TUNISAIR \u2022 D\u00e9cembre 2017 : Directeur G\u00e9n\u00e9ral de Poulina Group Holding\u00a0 \u2022 Ao\u00fbt 2015 : Directeur [&hellip;]<\/p>\n","protected":false},"author":1772,"featured_media":0,"comment_status":"closed","ping_status":"closed","sticky":false,"template":"","format":"standard","meta":{"fifu_image_url":"","fifu_image_alt":"","footnotes":""},"categories":[73,55],"tags":[],"class_list":["post-109414","post","type-post","status-publish","format-standard","hentry","category-actualite","category-tunisie"],"_links":{"self":[{"href":"https:\/\/linitiative.ca\/International\/wp-json\/wp\/v2\/posts\/109414","targetHints":{"allow":["GET"]}}],"collection":[{"href":"https:\/\/linitiative.ca\/International\/wp-json\/wp\/v2\/posts"}],"about":[{"href":"https:\/\/linitiative.ca\/International\/wp-json\/wp\/v2\/types\/post"}],"author":[{"embeddable":true,"href":"https:\/\/linitiative.ca\/International\/wp-json\/wp\/v2\/users\/1772"}],"replies":[{"embeddable":true,"href":"https:\/\/linitiative.ca\/International\/wp-json\/wp\/v2\/comments?post=109414"}],"version-history":[{"count":0,"href":"https:\/\/linitiative.ca\/International\/wp-json\/wp\/v2\/posts\/109414\/revisions"}],"wp:attachment":[{"href":"https:\/\/linitiative.ca\/International\/wp-json\/wp\/v2\/media?parent=109414"}],"wp:term":[{"taxonomy":"category","embeddable":true,"href":"https:\/\/linitiative.ca\/International\/wp-json\/wp\/v2\/categories?post=109414"},{"taxonomy":"post_tag","embeddable":true,"href":"https:\/\/linitiative.ca\/International\/wp-json\/wp\/v2\/tags?post=109414"}],"curies":[{"name":"wp","href":"https:\/\/api.w.org\/{rel}","templated":true}]}}